{"id":13303,"date":"2026-03-01T16:00:14","date_gmt":"2026-03-01T14:00:14","guid":{"rendered":"http:\/\/union.viepratique.fr\/non-classe\/ma-belle-patronne-13303.html"},"modified":"2026-02-24T17:45:03","modified_gmt":"2026-02-24T15:45:03","slug":"ma-belle-patronne","status":"publish","type":"post","link":"https:\/\/www.union.fr\/recits\/ma-belle-patronne-13303.html","title":{"rendered":"Ma belle patronne"},"content":{"rendered":"<p>Je suis une jeune fille de 22 ans, \u00e9panouie, et je sais profiter \u00e0 fond des <strong>plaisirs<\/strong> que la vie offrent. R\u00e9cemment, j&rsquo;ai encore eu la chance de m&rsquo;\u00e9clater dans une<a href=\"https:\/\/www.union.fr\/recits\"> histoire de sexe<\/a>, devenue vite histoire d&rsquo;amour..<\/p> <p><a href=\"https:\/\/livecam.union.fr\/fr\/\"><div class=\"wrap-img\" id=\"wrap-img-458113\"><img loading=\"lazy\" decoding=\"async\" itemprop=\"thumbnailUrl\" class=\"aligncenter wp-image-458113 size-full\" src=\"https:\/\/www.union.fr\/wp-content\/uploads\/2025\/07\/gif-pour-vignettes-27.gif\" alt=\"\" width=\"300\" height=\"300\" \/><\/div><\/a><\/p> <h2>Attir\u00e9e par ma patronne<\/h2> <p>Je suis vendeuse et, depuis ma toute premi\u00e8re journ\u00e9e dans la boutique o\u00f9 je travaille, je suis sous le charme de ma <a href=\"https:\/\/www.union.fr\/recits\/histoire-de-sexe-bdsm-recits\/histoire-de-sexe-patronne-soumise-187476.html#post-187476\">patronne<\/a>, une tr\u00e8s belle <strong>femme<\/strong> de 28 ans. Elle a tout pour s\u00e9duire : des yeux bleus en amande, un visage magnifique, des cheveux longs et bruns, un petit nez qui lui donne un charme fou, une poitrine volumineuse, une chute de reins impeccable&#8230; En vous la d\u00e9crivant, je constate que je suis en train de<strong> caresser<\/strong> mon <strong>sexe<\/strong>. Mais, je vais m&rsquo;arr\u00eater pour mieux vous raconter ma plus belle histoire.<\/p> <p>Les jours qui ont suivi mon arriv\u00e9e, une question m&rsquo;a obs\u00e9d\u00e9e : \u00e9tait-elle bi ? Un soir, apr\u00e8s la fermeture, je suis rest\u00e9e discuter avec elle, en essayant de la chauffer un peu. Je suis partie heureuse et soulag\u00e9e d&rsquo;avoir enfin r\u00e9ussi \u00e0 lui parler un peu ? mais en tournant autour du pot ? de mon d\u00e9sir pour elle, cette magnifique cr\u00e9ature qui peuplait la totalit\u00e9 de mes <a href=\"https:\/\/www.union.fr\/recits\/fantasmes-a-trois-14108.html#post-14108\">fantasmes<\/a>.<\/p> <p>Compl\u00e8tement excit\u00e9e apr\u00e8s cet exploit, j&rsquo;ai fait un tour dans un bar o\u00f9 j&rsquo;\u00e9tais s\u00fbre de retrouver un copain d&rsquo;enfance : j&rsquo;avais besoin de<strong> sexe<\/strong>. J&rsquo;ai eu beaucoup de chance car mon ami \u00e9tait l\u00e0. Comme il r\u00eavait depuis toujours de coucher avec moi, il n&rsquo;a pas h\u00e9sit\u00e9 une seconde \u00e0 ma proposition directe. <strong>Il m&rsquo;a fait beaucoup de bien quand il m&rsquo;a l\u00e9ch\u00e9e<\/strong>, car j&rsquo;imaginais que c&rsquo;\u00e9tait Lisa.<\/p> <p><a href=\"https:\/\/livecam.union.fr\/fr\/\"><div class=\"wrap-img\" id=\"wrap-img-363059\"><img loading=\"lazy\" decoding=\"async\" class=\"wp-image-363059 size-medium aligncenter\" src=\"https:\/\/www.union.fr\/wp-content\/uploads\/2021\/08\/4-1-300x250.png\" alt=\"\" width=\"300\" height=\"250\" \/><\/div><\/a><\/p> <h2>Ma patrone me bouffe la chatte<\/h2> <p>Le lendemain, j&rsquo;ai trouv\u00e9 ma patronne un peu bizarre. Elle m&rsquo;a demand\u00e9 de rester pendant la pause d\u00e9jeuner pour me parler d&rsquo;un r\u00e9am\u00e9nagement des rayons. Je pensais \u00e0 un petit t\u00eate-\u00e0-t\u00eate, beaucoup plus rapproch\u00e9 que la veille. En tirant le rideau, elle m&rsquo;a demand\u00e9 des explications. J&rsquo;ai jou\u00e9 carte sur table en lui avouant mes<strong> fantasmes.<\/strong> Elle m&rsquo;a dit qu&rsquo;elle n&rsquo;avait jamais fait l&rsquo;amour avec une <strong>femme<\/strong>. J&rsquo;\u00e9tais effondr\u00e9e. Les larmes me sont mont\u00e9es aux yeux. Lisa s&rsquo;est approch\u00e9e de moi et, en me prenant la t\u00eate entre ses mains, elle a tendu ses <strong>l\u00e8vres<\/strong> vers les miennes. En me couvrant de baisers, elle m&rsquo;a entra\u00een\u00e9e dans la r\u00e9serve. Elle a pass\u00e9 sa main sous ma jupe et, comme je ne portais pas de culotte, <strong>elle a tout de suite touch\u00e9 ma chatte humide<\/strong>. Ce geste l&rsquo;a tellement excit\u00e9e qu&rsquo;elle a enlev\u00e9 ma<strong> jupe<\/strong> avant de me d\u00e9shabiller compl\u00e8tement. Je n&rsquo;\u00e9tais pas au bout de mes surprises, car <strong>elle s&rsquo;est mise \u00e0 l\u00e9cher mon <\/strong><a href=\"https:\/\/www.union.fr\/recits\/histoire-de-sexe-minou-mina-370330.html#post-370330\">minou<\/a><strong> qui mouillait d\u00e9j\u00e0 \u00e9norm\u00e9ment<\/strong>. Allong\u00e9e sur le sol, j&rsquo;ai v\u00e9cu mon plus fort orgasme&#8230;<\/p> <p><a href=\"https:\/\/loveshop.union.fr\"><div class=\"wrap-img\" id=\"wrap-img-457474\"><img loading=\"lazy\" decoding=\"async\" class=\"aligncenter wp-image-457474 size-full\" src=\"https:\/\/www.union.fr\/wp-content\/uploads\/2025\/07\/gif-pour-vignettes-21.gif\" alt=\"\" width=\"300\" height=\"300\" \/><\/div><\/a><\/p> <h2>A mon tour de l\u00e9cher ma patronne<\/h2> <p>J&rsquo;avais envie de m&rsquo;occuper d&rsquo;elle. En la d\u00e9shabillant, j&rsquo;ai d\u00e9couvert qu&rsquo;elle \u00e9tait v\u00e9ritablement belle. J&rsquo;ai recommenc\u00e9 \u00e0 l&#8217;embrasser. Ensuite, \u00e0 mon tour, <strong>j&rsquo;ai l\u00e9ch\u00e9 son doux bouton et nous sommes parties dans un 69 d&rsquo;enfer<\/strong>. J&rsquo;ai mouill\u00e9, j&rsquo;ai remouill\u00e9&#8230; <strong>Lisa introduisait sa langue au plus profond de mon sexe, allant chercher ma mouille \u00e0 la source<\/strong>. Apr\u00e8s plusieurs orgasmes, on a d\u00fb s&rsquo;arr\u00eater pour ouvrir la boutique. L&rsquo;apr\u00e8s-midi a \u00e9t\u00e9 longue, mais piment\u00e9e par des petits baisers vol\u00e9s entre deux ventes.<\/p> <p>Le soir m\u00eame, Lisa m&rsquo;a demand\u00e9 de venir chez elle pour une nuit d&rsquo;exception. Apr\u00e8s un bon d\u00eener, elle m&rsquo;a dit qu&rsquo;elle avait ador\u00e9 sa premi\u00e8re exp\u00e9rience homosexuelle. Cet aveu m\u00e9ritait un long baiser, qui nous a rendues folles de d\u00e9sir. Heureusement, nous avions une nuit enti\u00e8re devant nous. Depuis, nous ne pouvons plus nous passer l&rsquo;une de l&rsquo;autre. Pourtant, de temps en temps, nous aimons un<strong> sexe d&rsquo;homme<\/strong> qui nous procure un grand plaisir. Il nous faudrait un <strong>amant<\/strong> qui accepte une union \u00e0 trois, et qui respecte nos instants de plaisirs.<\/p> <p><em>(Image \u00e0 la une : Getty Images)<\/em><\/p> <p><strong>A lire aussi :<\/strong><\/p> <p><a href=\"https:\/\/www.union.fr\/recits\/les-sextoys-voles-155139.html\">Les sextoys vol\u00e9s<\/a><\/p> <p><a href=\"http:\/\/www.union.fr\/recits\/le-batonnier-13706.html\">Le batonnier\u00a0<\/a><\/p> <p><a href=\"https:\/\/www.union.fr\/recits\/merci-patronne-322180.html#post-322180\">Merci patronne<\/a><\/p>  <div class=\"col-md-12 col-xs-12 no_pad\"><\/div> ","protected":false},"excerpt":{"rendered":"<p>Valentine, une jeune homosexuelle de 22 ans \u00e9tait vendeuse dans une boutique, elle s&rsquo;est vite all\u00e9ch\u00e9e par le charme de sa patronne et r\u00e9ussi \u00e0 lui faire l&rsquo;amour.  <\/p>\n","protected":false},"author":7,"featured_media":174073,"comment_status":"open","ping_status":"open","sticky":false,"template":"","format":"standard","meta":{"footnotes":""},"categories":[3,5947,5937,5,2,8],"tags":[860,2096,2306,119],"class_list":["post-13303","post","type-post","status-publish","format-standard","has-post-thumbnail","hentry","category-diaporama-accueil","category-bisexualite-recits","category-cunnilingus-recits","category-menu_site","category-mise-en-avant","category-recits","tag-bisexuel","tag-clito","tag-cunnilunglus","tag-lesbienne"],"_links":{"self":[{"href":"https:\/\/www.union.fr\/wp-json\/wp\/v2\/posts\/13303","targetHints":{"allow":["GET"]}}],"collection":[{"href":"https:\/\/www.union.fr\/wp-json\/wp\/v2\/posts"}],"about":[{"href":"https:\/\/www.union.fr\/wp-json\/wp\/v2\/types\/post"}],"author":[{"embeddable":true,"href":"https:\/\/www.union.fr\/wp-json\/wp\/v2\/users\/7"}],"replies":[{"embeddable":true,"href":"https:\/\/www.union.fr\/wp-json\/wp\/v2\/comments?post=13303"}],"version-history":[{"count":11,"href":"https:\/\/www.union.fr\/wp-json\/wp\/v2\/posts\/13303\/revisions"}],"predecessor-version":[{"id":465286,"href":"https:\/\/www.union.fr\/wp-json\/wp\/v2\/posts\/13303\/revisions\/465286"}],"wp:featuredmedia":[{"embeddable":true,"href":"https:\/\/www.union.fr\/wp-json\/wp\/v2\/media\/174073"}],"wp:attachment":[{"href":"https:\/\/www.union.fr\/wp-json\/wp\/v2\/media?parent=13303"}],"wp:term":[{"taxonomy":"category","embeddable":true,"href":"https:\/\/www.union.fr\/wp-json\/wp\/v2\/categories?post=13303"},{"taxonomy":"post_tag","embeddable":true,"href":"https:\/\/www.union.fr\/wp-json\/wp\/v2\/tags?post=13303"}],"curies":[{"name":"wp","href":"https:\/\/api.w.org\/{rel}","templated":true}]}}