{"id":14335,"date":"2015-03-25T18:25:20","date_gmt":"2015-03-25T17:25:20","guid":{"rendered":"http:\/\/union.viepratique.fr\/non-classe\/mes-petites-levres-sont-trop-longues-a-qui-dois-je-madresser-pour-me-faire-operer-14335.html"},"modified":"2015-03-25T18:25:20","modified_gmt":"2015-03-25T17:25:20","slug":"mes-petites-levres-sont-trop-longues-a-qui-dois-je-madresser-pour-me-faire-operer","status":"publish","type":"post","link":"https:\/\/www.union.fr\/sexo\/nos-conseils-dexperts\/femme\/mes-petites-levres-sont-trop-longues-a-qui-dois-je-madresser-pour-me-faire-operer-14335.html","title":{"rendered":"Mes petites l\u00e8vres sont trop longues, \u00c3\u00a0 qui dois-je m&rsquo;adresser pour me faire op\u00e9rer ?"},"content":{"rendered":"<p>En France, on a effectivement l&rsquo;habitude de parler de \u00ab\u00a0grandes\u00a0\u00bb et \u00ab\u00a0petites\u00a0\u00bb l\u00e8vres pour d\u00e9crire cette partie du sexe f\u00e9minin qui s&rsquo;appelle la vulve. En anglais, on parle plus adroitement de l\u00e8vres externes et internes, sans r\u00e9f\u00e9rence de taille, ce qui est beaucoup mieux adapt\u00e9 \u00e0 l&rsquo;anatomie. L&rsquo;expression fran\u00e7aise pr\u00eate \u00e0 confusion, et vous n&rsquo;\u00eates pas la seule \u00e0 vous inqui\u00e9ter. Beaucoup de femmes pensent \u00eatre mal form\u00e9es alors qu&rsquo;en r\u00e9alit\u00e9, il n&rsquo;en est rien. En effet, les grandes l\u00e8vres sont seulement plus \u00e9paisses que les petites, et ces derni\u00e8res d\u00e9passent toujours plus ou moins des grandes. \u00c9videmment, il y a des variations d&rsquo;une femme \u00e0 l&rsquo;autre, comme pour n&rsquo;importe quelle autre partie du corps. Mais il ne faut surtout pas en faire un complexe, car les petites l\u00e8vres sont beaucoup plus sensibles que les grandes, surtout lors des caresses sexuelles. Cela ne repr\u00e9sente donc pas du tout un d\u00e9faut et il n&rsquo;y a pas de raison que votre copain y trouve \u00e0 redire.Pour vous rassurer totalement, vous pouvez aller consulter un m\u00e9decin gyn\u00e9cologue et lui demander son avis. Une op\u00e9ration n&rsquo;est, en tout cas, pas du tout conseill\u00e9e, sauf avis m\u00e9dical.<\/p> ","protected":false},"excerpt":{"rendered":"<p>J&rsquo;ai un probl\u00e8me qui me complexe beaucoup. Les petites l\u00e8vres de mon sexe sont tr\u00e8s longues. Elles d\u00e9passent mes grandes l\u00e8vres de plus de 2 cm. J&rsquo;ai honte devant mes copines quand on se change dans les vestiaires de la piscine. Je me cache toujours dans une serviette. Mais, l&rsquo;autre jour, celle-ci est tomb\u00e9e et une de mes copines a eu le temps de voir mon sexe. J&rsquo;ai bien remarqu\u00e9 qu&rsquo;elle \u00e9tait surprise et m\u00eame un peu d\u00e9go\u00fbt\u00e9e. Du coup, j&rsquo;ai encore plus peur de me d\u00e9shabiller devant un gar\u00e7on. J&rsquo;ai un petit copain depuis quelques mois et il me parle de faire l&rsquo;amour. Je ne l&rsquo;ai encore jamais fait et je n&rsquo;oserai pas lui montrer mon intimit\u00e9. Je voulais savoir si je pouvais me faire op\u00e9rer et \u00e0 qui je dois m&rsquo;adresser.<\/p>\n","protected":false},"author":0,"featured_media":0,"comment_status":"open","ping_status":"open","sticky":false,"template":"","format":"standard","meta":{"footnotes":""},"categories":[175],"tags":[],"class_list":["post-14335","post","type-post","status-publish","format-standard","hentry","category-femme"],"_links":{"self":[{"href":"https:\/\/www.union.fr\/wp-json\/wp\/v2\/posts\/14335","targetHints":{"allow":["GET"]}}],"collection":[{"href":"https:\/\/www.union.fr\/wp-json\/wp\/v2\/posts"}],"about":[{"href":"https:\/\/www.union.fr\/wp-json\/wp\/v2\/types\/post"}],"replies":[{"embeddable":true,"href":"https:\/\/www.union.fr\/wp-json\/wp\/v2\/comments?post=14335"}],"version-history":[{"count":0,"href":"https:\/\/www.union.fr\/wp-json\/wp\/v2\/posts\/14335\/revisions"}],"wp:attachment":[{"href":"https:\/\/www.union.fr\/wp-json\/wp\/v2\/media?parent=14335"}],"wp:term":[{"taxonomy":"category","embeddable":true,"href":"https:\/\/www.union.fr\/wp-json\/wp\/v2\/categories?post=14335"},{"taxonomy":"post_tag","embeddable":true,"href":"https:\/\/www.union.fr\/wp-json\/wp\/v2\/tags?post=14335"}],"curies":[{"name":"wp","href":"https:\/\/api.w.org\/{rel}","templated":true}]}}