{"id":14429,"date":"2015-03-25T18:25:33","date_gmt":"2015-03-25T17:25:33","guid":{"rendered":"http:\/\/union.viepratique.fr\/non-classe\/lepilation-electrique-est-elle-vraiment-efficace-a-long-terme-14429.html"},"modified":"2015-03-25T18:25:33","modified_gmt":"2015-03-25T17:25:33","slug":"lepilation-electrique-est-elle-vraiment-efficace-a-long-terme","status":"publish","type":"post","link":"https:\/\/www.union.fr\/sexo\/nos-conseils-dexperts\/femme\/lepilation-electrique-est-elle-vraiment-efficace-a-long-terme-14429.html","title":{"rendered":"L&rsquo;\u00e9pilation \u00e9lectrique est-elle vraiment efficace \u00c3\u00a0 long terme ?"},"content":{"rendered":"<p>Apr\u00e8s trois ans d&rsquo;\u00e9pilation \u00e9lectrique, vous devriez \u00eatre presque totalement d\u00e9barrass\u00e9e de vos poils superflus. Comme votre esth\u00e9ticienne vous l&rsquo;affirme, cela aurait d\u00e9j\u00c3\u00a0 d\u00c3\u00bb \u00eatre le cas au bout d&rsquo;un an. En g\u00e9n\u00e9ral, il ne faut pas plus de temps pour que la pilosit\u00e9 disparaisse. Il ne reste alors qu&rsquo;\u00c3\u00a0 d\u00e9truire patiemment les quelques poils r\u00e9calcitrants au courant \u00e9lectrique. N\u00e9anmoins, il arrive parfois que certains d&rsquo;entre eux d\u00e9g\u00e9n\u00e8rent et poussent plus gros et plus longs qu&rsquo;avant, mais cela ne doit concerner qu&rsquo;une proportion infime. Comment alors expliquer ce qui vous arrive &lsquo; Peut-\u00eatre votre esth\u00e9ticienne poss\u00e8de-t-elle un mat\u00e9riel obsol\u00e8te ou mal \u00e9talonn\u00e9. Peut-\u00eatre ne l&rsquo;utilise-t-elle pas bien &lsquo; En tout \u00e9tat de cause, je vous conseille vivement de consulter un v\u00e9ritable sp\u00e9cialiste, c&rsquo;est-\u00c3\u00a0-dire un dermatologue ou un chirurgien esth\u00e9tique. Il n&rsquo;est peut-\u00eatre pas inutile de rappeler que l&rsquo;\u00e9pilation \u00e9lectrique doit obligatoirement \u00eatre faite par un m\u00e9decin ou du moins sous sa responsabilit\u00e9. Certains instituts de beaut\u00e9 semblent l&rsquo;avoir oubli\u00e9&#8230;<\/p> ","protected":false},"excerpt":{"rendered":"<p>Depuis trois ans, j&rsquo;ai recours \u00c3\u00a0 l&rsquo;\u00e9pilation \u00e9lectrique pour les poils des jambes, des arri\u00e8re-cuisses, du pubis et des aisselles. Mon esth\u00e9ticienne m&rsquo;avait affirm\u00e9 que mes poils auraient disparu au bout d&rsquo;un an, mais force est de constater qu&rsquo;il n&rsquo;en est rien. Lorsque je lui en fais la remarque, elle pr\u00e9tend que les poils qui poussent ne sont pas ceux d&rsquo;origine. Pensez-vous qu&rsquo;elle dit vrai car je commence \u00c3\u00a0 d\u00e9sesp\u00e9rer. Cela me co\u00c3\u00bbte assez cher et le r\u00e9sultat est loin d&rsquo;\u00eatre celui attendu. Qu&rsquo;en pensez-vous &lsquo;<\/p>\n","protected":false},"author":0,"featured_media":0,"comment_status":"open","ping_status":"open","sticky":false,"template":"","format":"standard","meta":{"footnotes":""},"categories":[175],"tags":[],"class_list":["post-14429","post","type-post","status-publish","format-standard","hentry","category-femme"],"_links":{"self":[{"href":"https:\/\/www.union.fr\/wp-json\/wp\/v2\/posts\/14429","targetHints":{"allow":["GET"]}}],"collection":[{"href":"https:\/\/www.union.fr\/wp-json\/wp\/v2\/posts"}],"about":[{"href":"https:\/\/www.union.fr\/wp-json\/wp\/v2\/types\/post"}],"replies":[{"embeddable":true,"href":"https:\/\/www.union.fr\/wp-json\/wp\/v2\/comments?post=14429"}],"version-history":[{"count":0,"href":"https:\/\/www.union.fr\/wp-json\/wp\/v2\/posts\/14429\/revisions"}],"wp:attachment":[{"href":"https:\/\/www.union.fr\/wp-json\/wp\/v2\/media?parent=14429"}],"wp:term":[{"taxonomy":"category","embeddable":true,"href":"https:\/\/www.union.fr\/wp-json\/wp\/v2\/categories?post=14429"},{"taxonomy":"post_tag","embeddable":true,"href":"https:\/\/www.union.fr\/wp-json\/wp\/v2\/tags?post=14429"}],"curies":[{"name":"wp","href":"https:\/\/api.w.org\/{rel}","templated":true}]}}