{"id":149322,"date":"2016-03-18T12:58:24","date_gmt":"2016-03-18T11:58:24","guid":{"rendered":"http:\/\/www.union.fr\/?p=149322"},"modified":"2016-03-25T17:24:25","modified_gmt":"2016-03-25T16:24:25","slug":"le-revenge-porn-nest-pas-encore-un-delit","status":"publish","type":"post","link":"https:\/\/www.union.fr\/actus\/buzz\/le-revenge-porn-nest-pas-encore-un-delit-149322.html","title":{"rendered":"Le revenge porn n&rsquo;est pas encore un d\u00e9lit !"},"content":{"rendered":"<p>Depuis ce mercredi 16 mars 2016, <a href=\"http:\/\/www.legalis.net\/spip.php?page=jurisprudence-decision&amp;id_article=4934\">un arr\u00eat<\/a> \u00e9dit\u00e9 par la Cour de cassation met le doigt sur l&rsquo;\u00e9pineuse probl\u00e9matique du \u00ab\u00a0revenge porn\u00a0\u00bb ou\u00a0 \u00ab\u00a0porno de vengeance\u00a0\u00bb, un moyen de \u00ab\u00a0punir\u00a0\u00bb son ex&rsquo; en rendant publique des photos intimes.<\/p> <p>Aujourd&rsquo;hui, mettre en ligne une photo de sa petite copine en sous-v\u00eatements (ou en train de pratiquer un acte sexuel) n&rsquo;est pas condamnable par la loi si celle-ci avait donn\u00e9 son accord pour \u00eatre prise en photo.<br \/> L&rsquo;article 226-1 et 226-2 du code p\u00e9nal sont les seuls \u00e0 s&rsquo;attaquer \u00e0 la protection de la transmission de donn\u00e9es personnelles&#8230; \u00e0 l&rsquo;unique condition qu&rsquo;elles aient \u00e9t\u00e9 collect\u00e9es sans autorisation ou de mani\u00e8re frauduleuse.<\/p> <p>Difficile donc de vous prot\u00e9ger si c&rsquo;est vous qui aviez envoy\u00e9 une photo coquine \u00e0 votre \u00ab\u00a0ex\u00a0\u00bb cher et tendre et que vous \u00eates maintenant \u00e0 la une de GrosseSalopeXXX.com. Aux yeux de la loi, quelque part, vous \u00eates complice. Oui, oui.<\/p> <h2>Des photos os\u00e9es, d&rsquo;accord ! Mais dans le cercle priv\u00e9&#8230;<\/h2> <p>Cet amendement viendrait compl\u00e9ter le projet de loi num\u00e9rique adopt\u00e9e par l&rsquo;Assembl\u00e9e Nationale et en passe d&rsquo;\u00eatre examin\u00e9 par le S\u00e9nat. Il pr\u00e9voit notamment une modification de l&rsquo;<a href=\"http:\/\/www.legifrance.gouv.fr\/affichCodeArticle.do?idArticle=LEGIARTI000006417929&amp;cidTexte=LEGITEXT000006070719\" target=\"_blank\">article 226-1<\/a>\u00a0 et devrait condamner jusqu&rsquo;\u00e0 deux ans d&#8217;emprisonnement :\u00ab\u00a0<em>le fait de transmettre ou de diffuser sans le consentement expr\u00e8s de la personne, l\u2019image ou la voix de celle-ci, prise dans un lieu public ou priv\u00e9, d\u00e8s lors qu\u2019elle pr\u00e9sente un caract\u00e8re sexuel<\/em>\u00a0\u00bb.<\/p> <p>Il \u00e9tait temps !<\/p> <p><strong>A lire aussi &gt;&gt;<\/strong> <a href=\"http:\/\/www.union.fr\/actus\/les-breves\/buzz\/les-sextos-un-moyen-de-solidifier-le-couple-145481.html\">Les sextos, un moyen de solidifier le couple !<br \/> <\/a><br \/> (<em>Image \u00e0 la une : Getty Images<\/em>)<\/p> ","protected":false},"excerpt":{"rendered":"<p>Un amendement propos\u00e9 par la cour de cassation a \u00e9t\u00e9 d\u00e9pos\u00e9 ce mercredi dans le cadre du projet de loi num\u00e9rique. Il sanctionnerait (enfin) le ph\u00e9nom\u00e8ne de \u00ab\u00a0revenge porn\u00a0\u00bb qui n&rsquo;est actuellement pas consid\u00e9r\u00e9 comme un d\u00e9lit par la loi si la photo a \u00e9t\u00e9 prise avec l&rsquo;accord de la personne. <\/p>\n","protected":false},"author":4,"featured_media":149352,"comment_status":"open","ping_status":"open","sticky":false,"template":"","format":"standard","meta":{"footnotes":""},"categories":[19,3],"tags":[655,654,405],"class_list":["post-149322","post","type-post","status-publish","format-standard","has-post-thumbnail","hentry","category-buzz","category-diaporama-accueil","tag-legislation","tag-revenge-porn","tag-sexto"],"_links":{"self":[{"href":"https:\/\/www.union.fr\/wp-json\/wp\/v2\/posts\/149322","targetHints":{"allow":["GET"]}}],"collection":[{"href":"https:\/\/www.union.fr\/wp-json\/wp\/v2\/posts"}],"about":[{"href":"https:\/\/www.union.fr\/wp-json\/wp\/v2\/types\/post"}],"author":[{"embeddable":true,"href":"https:\/\/www.union.fr\/wp-json\/wp\/v2\/users\/4"}],"replies":[{"embeddable":true,"href":"https:\/\/www.union.fr\/wp-json\/wp\/v2\/comments?post=149322"}],"version-history":[{"count":5,"href":"https:\/\/www.union.fr\/wp-json\/wp\/v2\/posts\/149322\/revisions"}],"predecessor-version":[{"id":149539,"href":"https:\/\/www.union.fr\/wp-json\/wp\/v2\/posts\/149322\/revisions\/149539"}],"wp:featuredmedia":[{"embeddable":true,"href":"https:\/\/www.union.fr\/wp-json\/wp\/v2\/media\/149352"}],"wp:attachment":[{"href":"https:\/\/www.union.fr\/wp-json\/wp\/v2\/media?parent=149322"}],"wp:term":[{"taxonomy":"category","embeddable":true,"href":"https:\/\/www.union.fr\/wp-json\/wp\/v2\/categories?post=149322"},{"taxonomy":"post_tag","embeddable":true,"href":"https:\/\/www.union.fr\/wp-json\/wp\/v2\/tags?post=149322"}],"curies":[{"name":"wp","href":"https:\/\/api.w.org\/{rel}","templated":true}]}}