{"id":15068,"date":"2025-07-05T12:00:06","date_gmt":"2025-07-05T10:00:06","guid":{"rendered":"http:\/\/union.viepratique.fr\/non-classe\/le-sadomasochisme-est-il-inne-15068.html"},"modified":"2025-07-04T13:33:19","modified_gmt":"2025-07-04T11:33:19","slug":"le-sadomasochisme-est-il-inne","status":"publish","type":"post","link":"https:\/\/www.union.fr\/sexo\/le-sadomasochisme-est-il-inne-15068.html","title":{"rendered":"Le sadomasochisme est-il inn\u00e9 ?"},"content":{"rendered":"<p>Bonjour, ma question est tr\u00e8s simple : j&rsquo;aimerais savoir si on peut \u00eatre <a href=\"https:\/\/www.union.fr\/sexo\/sexo-union-comment-expliquer-dou-me-vient-ce-penchant-sadomasochiste-401498.html#post-401498\">sadomasochiste<\/a> de <strong>naissance<\/strong> ou si ce penchant <strong>appara\u00eet avec le temps ?<\/strong><\/p> <p><a href=\"https:\/\/livecam.union.fr\/fr\/\"><div class=\"wrap-img\" id=\"wrap-img-357960\"><img loading=\"lazy\" decoding=\"async\" itemprop=\"thumbnailUrl\" class=\"aligncenter wp-image-357960 size-full\" src=\"https:\/\/www.union.fr\/wp-content\/uploads\/2021\/06\/prestige-16-widget-4-1.png\" alt=\"livecam union\" width=\"300\" height=\"250\" \/><\/div><\/a><\/p>  <h3>Notre sexologue r\u00e9pond :<\/h3> <p>\u00c0 question simple, r\u00e9ponse simple : non, <strong>on n&rsquo;est pas sadomasochiste de naissance<\/strong>. Terminologie qui voudrait dire que l&rsquo;on na\u00eet ave<strong>c des g\u00e8nes SM<\/strong>.<strong> Il n&rsquo;en existe pas<\/strong>, et cette particularit\u00e9 de <strong>comportements sexuels<\/strong> n&rsquo;est en rien soumise aux lois de la g\u00e9n\u00e9tique. Elle rel\u00e8ve de <strong>tendances personnelles<\/strong>, tout \u00e0 fait individuelles.<\/p> <p>En revanche, ces pr\u00e9f\u00e9rences sont <strong>susceptibles de se d\u00e9velopper tr\u00e8s t\u00f4t<\/strong> et l&rsquo;on peut tous d\u00e9couvrir \u00e0 un jeune \u00e2ge le plaisir qu&rsquo;il peut y avoir \u00e0 <strong>ressentir ou \u00e0 infliger de la souffrance<\/strong>, il existe en m\u00eame temps tout<strong> un jeu relationnel \u00e0 soi-m\u00eame<\/strong> et \u00e0 l&rsquo;autre, de <strong>pouvoir et d&rsquo;ob\u00e9issance<\/strong> qui font partie de<strong> l&rsquo;\u00e9volution et de la croissance entre naissance et adolescence. <\/strong><\/p> <p>Une simple remarque en passant: m\u00eame s&rsquo;il est \u00e9vident que <strong>sadisme et masochisme<\/strong> sont interd\u00e9pendants et<strong> ne peuvent \u00eatre dissoci\u00e9s<\/strong>, il est rare d&rsquo;\u00eatre les deux et la fois. <strong>On est plut\u00f4t l&rsquo;un.., ou l&rsquo;autre.<\/strong><\/p> <h3>A lire aussi&#8230;<\/h3> <p><a href=\"https:\/\/www.union.fr\/sexo\/sexo-la-fessee-cest-ok-455390.html#post-455390\">La fess\u00e9e c&rsquo;est ok ?<\/a><\/p> <p><a href=\"https:\/\/www.union.fr\/sexo\/les-pratiques-sexuelles\/bdsm\/fetlife-reseau-social-bdsm-408929.html#post-408929\">Fetlife : d\u00e9couvrez ce r\u00e9seau social BDSM<\/a><\/p> <p><a href=\"https:\/\/www.union.fr\/sexo\/bondage-guide-debutant-341892.html#post-341892\">Bondage : petit guide du d\u00e9butant<\/a><\/p> ","protected":false},"excerpt":{"rendered":"<p>Adrien, 35 ans, se demande si le sadomasochisme pouvait \u00eatre inn\u00e9 o\u00f9 si il se d\u00e9veloppe avec le temps. Notre sexologue r\u00e9pond !<\/p>\n","protected":false},"author":7,"featured_media":457364,"comment_status":"open","ping_status":"open","sticky":false,"template":"","format":"standard","meta":{"footnotes":""},"categories":[3,5,176,15],"tags":[],"class_list":["post-15068","post","type-post","status-publish","format-standard","has-post-thumbnail","hentry","category-diaporama-accueil","category-menu_site","category-homme","category-sexo"],"_links":{"self":[{"href":"https:\/\/www.union.fr\/wp-json\/wp\/v2\/posts\/15068","targetHints":{"allow":["GET"]}}],"collection":[{"href":"https:\/\/www.union.fr\/wp-json\/wp\/v2\/posts"}],"about":[{"href":"https:\/\/www.union.fr\/wp-json\/wp\/v2\/types\/post"}],"author":[{"embeddable":true,"href":"https:\/\/www.union.fr\/wp-json\/wp\/v2\/users\/7"}],"replies":[{"embeddable":true,"href":"https:\/\/www.union.fr\/wp-json\/wp\/v2\/comments?post=15068"}],"version-history":[{"count":2,"href":"https:\/\/www.union.fr\/wp-json\/wp\/v2\/posts\/15068\/revisions"}],"predecessor-version":[{"id":457362,"href":"https:\/\/www.union.fr\/wp-json\/wp\/v2\/posts\/15068\/revisions\/457362"}],"wp:featuredmedia":[{"embeddable":true,"href":"https:\/\/www.union.fr\/wp-json\/wp\/v2\/media\/457364"}],"wp:attachment":[{"href":"https:\/\/www.union.fr\/wp-json\/wp\/v2\/media?parent=15068"}],"wp:term":[{"taxonomy":"category","embeddable":true,"href":"https:\/\/www.union.fr\/wp-json\/wp\/v2\/categories?post=15068"},{"taxonomy":"post_tag","embeddable":true,"href":"https:\/\/www.union.fr\/wp-json\/wp\/v2\/tags?post=15068"}],"curies":[{"name":"wp","href":"https:\/\/api.w.org\/{rel}","templated":true}]}}