{"id":150744,"date":"2021-05-17T16:00:16","date_gmt":"2021-05-17T14:00:16","guid":{"rendered":"http:\/\/www.union.fr\/?p=150744"},"modified":"2021-05-12T17:25:48","modified_gmt":"2021-05-12T15:25:48","slug":"voissa-la-retraite","status":"publish","type":"post","link":"https:\/\/www.union.fr\/recits\/voissa-la-retraite-150744.html","title":{"rendered":"La retraite"},"content":{"rendered":"<p>J\u2019ai 60 ans, je suis \u00e0 la retraite et je viens d\u2019acheter Union pour la premi\u00e8re fois. Quel \u00e9tonnement de d\u00e9couvrir les <a href=\"https:\/\/www.union.fr\">r\u00e9cits porno <\/a>d\u2019Ang\u00e9lique et de V\u00e9ronique\u2009! Je ne suis pas tr\u00e8s fid\u00e8le non plus et j\u2019entretiens moi aussi une relation extraconjugale avec un <a href=\"https:\/\/www.union.fr\/recits\/il-fait-chaud-au-cameroun-13747.html\">Nord-Africain<\/a> qui pourrait \u00eatre mon fils.<\/p> <p>Mais attention : pas de trucs trop cochons ! J\u2019\u00e9carte les jambes, il tire son coup, puis je rentre \u00e0 la maison. C\u2019est juste histoire d\u2019entretenir la souplesse de mon vagin et de me changer de la bite de mon mari. Mon jeune amant, lui, il bande plus dur, et, malgr\u00e9 mon \u00e2ge, je jouis encore. Il me d\u00e9zingue bien comme il faut, \u00e7a me rappelle les ann\u00e9es 1970 quand je me faisais ramoner la chaudi\u00e8re par tous les beaux mecs que je trouvais\u2026<\/p> <p>Alors oui, je suis un peu coquine, mais les vrais trucs cochons, \u00e7a ne me branchait pas trop jusqu\u2019\u00e0 r\u00e9cemment\u2026 Mon jeune amant m\u2019en a pourtant propos\u00e9. Il voulait surtout m\u2019enculer. Une vraie obsession\u2009! Mais je refusais tout le temps.<\/p> <p><a href=\"https:\/\/unionistes.fr\"><div class=\"wrap-img\" id=\"wrap-img-333529\"><img loading=\"lazy\" decoding=\"async\" itemprop=\"thumbnailUrl\" class=\"size-full wp-image-333529 aligncenter\" src=\"https:\/\/www.union.fr\/wp-content\/uploads\/2020\/10\/widget_unionistes_couvrefeu.jpg\" alt=\"\" width=\"300\" height=\"300\" \/><\/div><\/a><\/p> <p>Puis, comme je vous le disais, j\u2019ai d\u00e9couvert dans votre magazine les r\u00e9cits de V\u00e9ronique et d\u2019Ang\u00e9lique, ainsi que la rubrique de Brigitte Lahaie et, finalement, j\u2019ai eu envie de d\u00e9couvrir les joies du sexe extr\u00eame. J\u2019ai suivi les conseils de Brigitte : j\u2019ai achet\u00e9 un bon lubrifiant et j\u2019ai mis mes tabous de c\u00f4t\u00e9. Mon amant \u00e9tait ravi, vous pensez\u2009!<\/p> <p>En quelques jours, je suis devenue une vraie salope. Maintenant je fais des trucs compl\u00e8tement cochons. J\u2019ai m\u00eame aval\u00e9 son sperme aigre et \u00e9pais sans rechigner. Au fond, je suis bien d\u2019accord avec V\u00e9ronique, ce n\u2019est pas tr\u00e8s bon, mais vraiment excitant de faire des trucs hards. Quant \u00e0 mon petit trou, j\u2019avoue que j\u2019ai eu un peu mal. J\u2019ai cru que mon orifice ne se refermerait jamais, j\u2019ai v\u00e9cu \u00e7a comme un <a href=\"https:\/\/www.union.fr\/recits\/depucelage-de-ma-cousine-14124.html\">d\u00e9pucelage.<\/a><\/p> <p>Comme j\u2019avais beaucoup de temps \u00e0 rattraper, j\u2019ai remis \u00e7a rapidement, et il est vrai que j\u2019ai joui par <a href=\"https:\/\/www.union.fr\/recits\/recits-illustres\/330947-330947.html\">ce trou<\/a> comme par mon minou. <a href=\"https:\/\/www.union.fr\/recits\/trompe-de-salope-276532.html\">La salope <\/a>au fond de moi s\u2019est r\u00e9veill\u00e9e. Je vais rattraper toutes ces ann\u00e9es perdues.<\/p> <p>Merci Brigitte pour ces conseils, merci V\u00e9ronique et Ang\u00e9lique pour vos confessions qui m\u2019ont fait d\u00e9couvrir d\u2019autres plaisirs. Je ne vais pas laisser mon petit trou se refermer. Il y en a des amateurs de vieilles cochonnes, et j\u2019en suis une maintenant. Je vous raconterai tout \u00e7a en prime\u2009!<\/p> <p>(<em>Photo \u00e0 la une : Getty Images<\/em>)<\/p> <p><strong>Si vous avez aim\u00e9, vous aimerez aussi&#8230;<\/strong><\/p> <p class=\"clearfix\"><a href=\"http:\/\/www.union.fr\/recits\/louvrier-qui-ma-enculee-3-150811.html\">L&rsquo;ouvrier qui m&rsquo;a encul\u00e9e<\/a><\/p> <p class=\"clearfix\"><a href=\"http:\/\/www.union.fr\/recits\/recits-illustres\/le-jeu-145686.html#post-145686#item=1\" rel=\"attachment wp-att-145697\"><br \/> <\/a><a href=\"http:\/\/www.union.fr\/recits\/recits-illustres\/le-jeu-145686.html#post-145686#item=1\">Le jeu<\/a><\/p> <p><a href=\"http:\/\/www.union.fr\/recits\/colle-serre-de-caro-13587.html\">Coll\u00e9 serr\u00e9 de Caro<\/a><strong><a href=\"http:\/\/www.union.fr\/recits\/colle-serre-de-caro-13587.html\"><\/a><\/strong><\/p> ","protected":false},"excerpt":{"rendered":"<p>Jos, 60 ans, rnous raconte les joies de la retraite. Une chose est sur, au niveau du cul, la retraite est tr\u00e8s loin ! <\/p>\n","protected":false},"author":7,"featured_media":354157,"comment_status":"open","ping_status":"open","sticky":false,"template":"","format":"standard","meta":{"footnotes":""},"categories":[5,2,8],"tags":[354,471],"class_list":["post-150744","post","type-post","status-publish","format-standard","has-post-thumbnail","hentry","category-menu_site","category-mise-en-avant","category-recits","tag-analsodomie","tag-cougarsmilfsfemmes-mures"],"_links":{"self":[{"href":"https:\/\/www.union.fr\/wp-json\/wp\/v2\/posts\/150744","targetHints":{"allow":["GET"]}}],"collection":[{"href":"https:\/\/www.union.fr\/wp-json\/wp\/v2\/posts"}],"about":[{"href":"https:\/\/www.union.fr\/wp-json\/wp\/v2\/types\/post"}],"author":[{"embeddable":true,"href":"https:\/\/www.union.fr\/wp-json\/wp\/v2\/users\/7"}],"replies":[{"embeddable":true,"href":"https:\/\/www.union.fr\/wp-json\/wp\/v2\/comments?post=150744"}],"version-history":[{"count":5,"href":"https:\/\/www.union.fr\/wp-json\/wp\/v2\/posts\/150744\/revisions"}],"predecessor-version":[{"id":354158,"href":"https:\/\/www.union.fr\/wp-json\/wp\/v2\/posts\/150744\/revisions\/354158"}],"wp:featuredmedia":[{"embeddable":true,"href":"https:\/\/www.union.fr\/wp-json\/wp\/v2\/media\/354157"}],"wp:attachment":[{"href":"https:\/\/www.union.fr\/wp-json\/wp\/v2\/media?parent=150744"}],"wp:term":[{"taxonomy":"category","embeddable":true,"href":"https:\/\/www.union.fr\/wp-json\/wp\/v2\/categories?post=150744"},{"taxonomy":"post_tag","embeddable":true,"href":"https:\/\/www.union.fr\/wp-json\/wp\/v2\/tags?post=150744"}],"curies":[{"name":"wp","href":"https:\/\/api.w.org\/{rel}","templated":true}]}}