{"id":151700,"date":"2026-04-04T18:00:39","date_gmt":"2026-04-04T16:00:39","guid":{"rendered":"http:\/\/www.union.fr\/?p=151700"},"modified":"2026-04-01T11:04:37","modified_gmt":"2026-04-01T09:04:37","slug":"histoire-de-vacances","status":"publish","type":"post","link":"https:\/\/www.union.fr\/recits\/histoire-de-vacances-151700.html","title":{"rendered":"Histoire de vacances"},"content":{"rendered":"<p>Voici mon <a href=\"https:\/\/www.union.fr\/recits\">histoire de sexe amateur<\/a>. Depuis quelques ann\u00e9es, tous les \u00e9t\u00e9s, je programme mes vacances au bord de la mer,<strong> avec une plage <a href=\"https:\/\/www.union.fr\/recits\/naturiste-un-jour-naturiste-toujours-151246.html#post-151246\">naturiste <\/a>toute proche pour pouvoir bronzer nue.<\/strong> Avec la chaleur je n\u2019ai aucun scrupule \u00e0 \u00e9carter largement les jambes pour montrer ma chatte bien \u00e9pil\u00e9e pour l\u2019occasion. Avoir des relations sexuelles jamais, mais m\u2019exhiber\u00a0: oui\u2009! Je suis l\u00e0 pour \u00e7a. <strong>J\u2019appr\u00e9cie particuli\u00e8rement le regard des femmes qui r\u00e9compensent mon impudeur<\/strong> \u00e0 \u00eatre allong\u00e9e ainsi sur ma serviette\u2009! Moi aussi, je regarde le corps et le sexe des femmes d\u2019ailleurs. Dommage qu\u2019elles pr\u00e9f\u00e8rent se montrer \u00e0 leurs hommes ou \u00e0 la gent masculine du moins. Jamais aucune ne s\u2019est exhib\u00e9e ni caress\u00e9e devant moi.<\/p> <p><a href=\"https:\/\/boutique.union.fr\/?lang=fr&amp;task=produit&amp;prd_id=17677&amp;SID=1591774447122&amp;aff_id=37839\"><div class=\"wrap-img\" id=\"wrap-img-363056\"><img loading=\"lazy\" decoding=\"async\" itemprop=\"thumbnailUrl\" class=\"wp-image-363056 size-medium aligncenter\" src=\"https:\/\/www.union.fr\/wp-content\/uploads\/2021\/08\/4-300x250.png\" alt=\"\" width=\"300\" height=\"250\" \/><\/div><\/a><\/p> <h2>S&rsquo;exhiber, une routine<\/h2> <p>Les<a href=\"https:\/\/www.union.fr\/actus\/taille-penis-science-462894.html#post-462894\"> hommes,<\/a> de tout \u00e2ge, sont plus mateurs\u2026 Avec une petite <a href=\"https:\/\/www.union.fr\/recits\/histoire-de-sexe-masturbation-anti-deprime-13540.html#post-13540\">masturbation <\/a>discr\u00e8te assez souvent. <strong>Je les vois derri\u00e8re mes lunettes de soleil ces petits pervers<\/strong>, \u00e7a ne me g\u00eane pas tant qu\u2019ils restent corrects dans leur fa\u00e7on de faire. Ce que je d\u00e9teste par-dessus tout, ce sont ceux que j\u2019appelle \u00ab\u00a0<em>les abonn\u00e9s<\/em>\u00a0\u00bb que je retrouve sur la plage apr\u00e8s m\u2019avoir cherch\u00e9e.<\/p> <p>Pour \u00e9viter cela, je change le lieu et l\u2019horaire. Quelquefois un couple s\u2019allonge pr\u00e8s de moi pour se caresser en regardant ma chatte offerte \u00e0 eux. <strong>J\u2019appr\u00e9cie si le couple reste sage et sans vulgarit\u00e9.<\/strong><\/p> <p>Si mon entourage, mes coll\u00e8gues de boulot connaissaient ma petite perversion, mon joli petit vice\u2026 Moi qui porte pantalon et col roul\u00e9 toute l\u2019ann\u00e9e\u2009! Ma peau si blanche devient vite rouge au soleil. Souvent au bureau je regarde Isabelle, brune aux cheveux courts, elle est un peu androgyne dans ses tenues. Elle ne porte jamais de jupe ni de d\u00e9collet\u00e9, aucun maquillage, mais elle est tr\u00e8s f\u00e9minine malgr\u00e9 tout. <strong>Certains de ses jeans lui moulent bien les fesses que je mate discr\u00e8tement. Une fois, j\u2019ai vu sa culotte.<\/strong><\/p> <p><a href=\"https:\/\/boutique.union.fr\/?lang=fr&amp;task=produit&amp;prd_id=16949&amp;SID=1591774447122&amp;aff_id=37839\"><div class=\"wrap-img\" id=\"wrap-img-367677\"><img loading=\"lazy\" decoding=\"async\" class=\"wp-image-367677 size-medium aligncenter\" src=\"https:\/\/www.union.fr\/wp-content\/uploads\/2021\/09\/2-1-300x250.png\" alt=\"\" width=\"300\" height=\"250\" \/><\/div><\/a><\/p> <h2>Fantasme entre coll\u00e8gues<\/h2> <p>Ce matin-l\u00e0, Isabelle avait renvers\u00e9 du caf\u00e9 sur son pantalon beige. Pour nettoyer la t\u00e2che, nous sommes all\u00e9es aux <a href=\"https:\/\/www.union.fr\/recits\/echappee-dans-les-toilettes-351980.html#post-351980\">toilettes<\/a>. Quand elle a \u00f4t\u00e9 son pantalon, j\u2019ai \u00e9t\u00e9 surprise de d\u00e9couvrir une culotte tr\u00e8s sexy, satin\u00e9e, mauve avec de la dentelle blanche. <strong>Son petit sous-v\u00eatement mignon d\u00e9couvrait un peu ses fesses<\/strong> et un superbe entrejambe laissant appara\u00eetre des poils pubiens.<\/p> <p>J\u2019ai pris mon temps pour laver puis s\u00e9cher son pantalon sous le s\u00e8che-mains pendant que nous discutions tranquillement. Isabelle a bloqu\u00e9 la porte au cas o\u00f9 une personne arriverait\u2026<\/p> <p>De sa vie intime, je ne sais presque rien, m\u00eame si j\u2019ai compris qu\u2019elle \u00e9tait en couple\u2026 Homme ou femme, aucune id\u00e9e, <strong>mais je me caresse souvent en pensant \u00e0 elle<\/strong> et je le faisais d\u00e9j\u00e0 bien avant sa petite m\u00e9saventure. Je nous verrais bien en vacances toutes les deux sur la plage.<\/p> <p>Le seul fait qu\u2019elle puisse lire tout cela dans Union m\u2019excite\u2026 Il se peut que je lui en glisse un dans son sac avec mon histoire \u00e0 l\u2019int\u00e9rieur,\u00a0\u00e0 voir\u2009!<\/p> <p><a href=\"https:\/\/boutique.union.fr\/?lang=fr&amp;task=produit&amp;prd_id=19532&amp;SID=1591774447122&amp;aff_id=37839\"><div class=\"wrap-img\" id=\"wrap-img-357958\"><img loading=\"lazy\" decoding=\"async\" class=\"wp-image-357958 size-medium aligncenter\" src=\"https:\/\/www.union.fr\/wp-content\/uploads\/2021\/06\/prestige-16-widget-4-300x250.png\" alt=\"boutique union\" width=\"300\" height=\"250\" \/><\/div><\/a><\/p> <p>(<em>Photo \u00e0 la une : Getty Images<\/em>)<\/p> <h2><strong>A lire aussi\u00a0<\/strong><\/h2> <p><a href=\"https:\/\/www.union.fr\/actus\/taille-penis-science-462894.html#post-462894\">La taille du p\u00e9nis fait-elle vraiment l\u2019homme ? La science r\u00e9pond <\/a><\/p> <p><a href=\"https:\/\/www.union.fr\/actus\/insolite\/samourais-amour-entre-hommes-462826.html#post-462826\">Les samoura\u00efs pratiquaient l\u2019amour entre hommes <\/a><\/p> <p><a href=\"https:\/\/www.union.fr\/sexo\/462250-462250.html#post-462250\">Les t\u00e9tons une zone \u00e9rog\u00e8ne r\u00e9serv\u00e9e aux hommes ? <\/a><\/p>  ","protected":false},"excerpt":{"rendered":"<p>Juliette aime s&rsquo;exhiber sur les plages naturistes et fantasme sur une coll\u00e8gue de bureau.<\/p>\n","protected":false},"author":7,"featured_media":151702,"comment_status":"open","ping_status":"open","sticky":false,"template":"","format":"standard","meta":{"footnotes":""},"categories":[3,5947,5937,5941,5,2,8],"tags":[564,119,763,619,107],"class_list":["post-151700","post","type-post","status-publish","format-standard","has-post-thumbnail","hentry","category-diaporama-accueil","category-bisexualite-recits","category-cunnilingus-recits","category-exhibition-recits","category-menu_site","category-mise-en-avant","category-recits","tag-exhibitionnisme","tag-lesbienne","tag-naturiste","tag-plage","tag-vacances"],"_links":{"self":[{"href":"https:\/\/www.union.fr\/wp-json\/wp\/v2\/posts\/151700","targetHints":{"allow":["GET"]}}],"collection":[{"href":"https:\/\/www.union.fr\/wp-json\/wp\/v2\/posts"}],"about":[{"href":"https:\/\/www.union.fr\/wp-json\/wp\/v2\/types\/post"}],"author":[{"embeddable":true,"href":"https:\/\/www.union.fr\/wp-json\/wp\/v2\/users\/7"}],"replies":[{"embeddable":true,"href":"https:\/\/www.union.fr\/wp-json\/wp\/v2\/comments?post=151700"}],"version-history":[{"count":11,"href":"https:\/\/www.union.fr\/wp-json\/wp\/v2\/posts\/151700\/revisions"}],"predecessor-version":[{"id":467307,"href":"https:\/\/www.union.fr\/wp-json\/wp\/v2\/posts\/151700\/revisions\/467307"}],"wp:featuredmedia":[{"embeddable":true,"href":"https:\/\/www.union.fr\/wp-json\/wp\/v2\/media\/151702"}],"wp:attachment":[{"href":"https:\/\/www.union.fr\/wp-json\/wp\/v2\/media?parent=151700"}],"wp:term":[{"taxonomy":"category","embeddable":true,"href":"https:\/\/www.union.fr\/wp-json\/wp\/v2\/categories?post=151700"},{"taxonomy":"post_tag","embeddable":true,"href":"https:\/\/www.union.fr\/wp-json\/wp\/v2\/tags?post=151700"}],"curies":[{"name":"wp","href":"https:\/\/api.w.org\/{rel}","templated":true}]}}