{"id":15240,"date":"2022-11-17T16:00:35","date_gmt":"2022-11-17T14:00:35","guid":{"rendered":"http:\/\/union.viepratique.fr\/non-classe\/pourquoi-ai-je-lenvie-de-me-travestir-depuis-mon-divorce-15240.html"},"modified":"2022-11-16T13:03:43","modified_gmt":"2022-11-16T11:03:43","slug":"conseils-sexo-pourquoi-ai-je-lenvie-de-me-travestir-depuis-mon-divorce","status":"publish","type":"post","link":"https:\/\/www.union.fr\/sexo\/nos-conseils-dexperts\/conseils-sexo-pourquoi-ai-je-lenvie-de-me-travestir-depuis-mon-divorce-15240.html","title":{"rendered":"Pourquoi ai-je l&rsquo;envie de me travestir depuis mon divorce ?"},"content":{"rendered":"<p>\u00a0\u00bb\u00a0<em>Pourriez-vous m&rsquo;\u00e9clairer sur mon probl\u00e8me. Pendant mon adolescence, <strong>je portais les dessous f\u00e9minins de ma m\u00e8re en cachette<\/strong>. Je me suis ensuite mari\u00e9 \u00e0 19 ans, et cette obsession a disparu. J&rsquo;ai divorc\u00e9 il y a peu, et <strong>cette envie est revenue au grand galop<\/strong>. Je me demande si je suis normal ? Je m&rsquo;inqui\u00e8te et voudrais votre aide sur cette question.<\/em> \u00a0\u00bb<\/p>  <h2>Un fantasme sans danger<\/h2> <p>En fait, l&rsquo;explication est tr\u00e8s simple. L&rsquo;adolescence est souvent <strong>la p\u00e9riode pendant laquelle les <a href=\"https:\/\/www.union.fr\/sexo\/les-pratiques-sexuelles\/pratiques-sexuelles-lurophilie-le-fantasme-dore-361678.html#post-361678\">fantasmes<\/a> sont les plus intenses et les plus vari\u00e9s<\/strong>. Chez certaines personnes, ces fantasmes d&rsquo;ado restent pr\u00e9sents leur vie enti\u00e8re. Alors que chez d&rsquo;autres, ils \u00e9voluent et se diversifient, pouvant aller jusqu&rsquo;\u00e0 dispara\u00eetre \u00e0 l&rsquo;\u00e2ge adulte. Vous \u00eates, au fond, dans un cas interm\u00e9diaire, o\u00f9 avoir une vie <a href=\"https:\/\/www.union.fr\/sexo\/conseils-sexo-suis-je-asexuelle-14783.html#post-14783\">sexuelle<\/a> adulte fait cesser le fantasme que vous d\u00e9crivez \u00e0 l&rsquo;adolescence, mais o\u00f9 le retour en mode <a href=\"https:\/\/www.union.fr\/sexo\/343082-343082.html#post-343082\">c\u00e9libataire<\/a> le fait revenir.<\/p> <p>Vos app\u00e9tits de <strong>jeune gar\u00e7on relevaient soit d&rsquo;un d\u00e9sir d&rsquo;intimit\u00e9 sexuelle avec\u00a0votre m\u00e8re<\/strong>, fantasme banal \u00e0 cet \u00e2ge. On conna\u00eet l&rsquo;histoire d&rsquo;Oedipe, aussi tragique soit-elle, mais ne vous en faites pas, cela ne veut pas dire que votre destin s&rsquo;acheminera de la m\u00eame mani\u00e8re ! Soit d&rsquo;<strong>une envie de vous imaginer en fille,\u00a0banal aussi<\/strong> quand on sort de l&rsquo;enfance.<\/p> <p>Quoi qu&rsquo;il en soit, dans un cas comme dans l&rsquo;autre, <strong>le fait d&rsquo;avoir une sexualit\u00e9 d&rsquo;homme adulte enl\u00e8ve leur raison d&rsquo;exister \u00e0 ces fantasmes<\/strong> puisque vous avez des relations o\u00f9 vous \u00eates bel et bien un homme et que vous faites l&rsquo;amour \u00e0 une compagne qui n&rsquo;a pas de liens avec votre famille. Je parierais volontiers que le jour o\u00f9 vous rencontrerez une autre femme, ce fantasme qui a r\u00e9apparu apr\u00e8s votre <a href=\"https:\/\/www.union.fr\/sexo\/nos-conseils-dexperts\/comment-faire-le-deuil-de-ma-vie-couple-suite-au-divorce-14184.html#post-14184\">divorce<\/a> s&rsquo;\u00e9teindra de nouveau.<\/p>  <p><a href=\"https:\/\/unionistes.fr\"><\/a><a href=\"https:\/\/boutique.union.fr\"><div class=\"wrap-img\" id=\"wrap-img-361672\"><img loading=\"lazy\" decoding=\"async\" itemprop=\"thumbnailUrl\" class=\"size-medium wp-image-361672 aligncenter\" src=\"https:\/\/www.union.fr\/wp-content\/uploads\/2021\/07\/5-300x250.png\" alt=\"\" width=\"300\" height=\"250\" \/><\/div><\/a><\/p>  <h2>D\u00e9sir ou perversion ?<\/h2> <p>Dans l&rsquo;\u00e9ventualit\u00e9 ou celui-ci persiste, m\u00eame en retrouvant une compagne, ce qui vous remet <strong>dans un sch\u00e9ma de <a href=\"https:\/\/www.union.fr\/sexo\/sexo-pratiques-en-couple-ou-solo-comment-faire-360823.html#post-360823\">couple<\/a> qui avait effac\u00e9 ce fantasme, il est tout \u00e0 fait possible de lui en parler<\/strong>. Si porter des dessous f\u00e9minin vous excite et ne la d\u00e9range pas (parce que certaines femmes peuvent \u00e9prouver une g\u00eane), il est possible de le partager. Cela pourrait consolider votre relation, car qu&rsquo;y a t-il de plus solidifiant, que de partager ses fantasmes.<\/p> <p>Qui sait, peut \u00eatre que cela l&rsquo;amusera et ne la choquera pas outre mesure. On ne peut parler de perversion d\u00e8s lors o\u00f9 <strong>le fait d&rsquo;\u00eatre v\u00eatu comme une femme, est une condition sine qua non \u00e0 votre <a href=\"https:\/\/www.union.fr\/sexo\/conseils-sexo-est-ce-normal-deprouver-du-plaisir-lors-dun-lavement-15352.html#post-15352\">plaisir<\/a> sexuel<\/strong>. Dans ce cas, cela, sans vouloir vous mentir, risquerait de blesser profond\u00e9ment la personne qui sera en face de vous. Elle pourrait se sentir utilis\u00e9e et figurante, au sein de l&rsquo;\u00e9bat sexuel. Et m\u00eame pire, penser qu&rsquo;elle n&rsquo;est pas \u00e0 la hauteur de vos attentes et\/ou satisfactions sexuelles.<\/p>  <p>En attendant, ne vous inqui\u00e9tez pas plus qu&rsquo;il ne faut. Vous n&rsquo;\u00eates pas un cas nouveau et cela ne fait pas de vous une personne anormale. C&rsquo;est m\u00eame tr\u00e8s appr\u00e9ciable que vous vous en inqui\u00e9tez et cherchez \u00e0 comprendre.<\/p>    <p><strong>A lire aussi :<\/strong><\/p> <p><a href=\"https:\/\/www.union.fr\/sexo\/est-ce-normal-daimer-se-travestir-2-15370.html#post-15370\">Est-ce normal d&rsquo;aimer se travestir ?\u00a0<\/a><\/p> <p><a href=\"https:\/\/www.union.fr\/sexo\/societe\/societe-les-trois-fantasmes-preferes-des-francais-362197.html#post-362197\">Les trois fantasmes pr\u00e9f\u00e9r\u00e9s des fran\u00e7ais\u00a0<\/a><\/p> <p><a href=\"https:\/\/unionistes.fr\"><div class=\"wrap-img\" id=\"wrap-img-361669\"><img loading=\"lazy\" decoding=\"async\" class=\"size-medium wp-image-361669 aligncenter\" src=\"https:\/\/www.union.fr\/wp-content\/uploads\/2021\/07\/3-300x250.png\" alt=\"\" width=\"300\" height=\"250\" \/><\/div><\/a><\/p> ","protected":false},"excerpt":{"rendered":"<p>\u00a0\u00bb\u00a0Pourriez-vous m&rsquo;\u00e9clairer sur mon probl\u00e8me. Pendant mon adolescence, je portais les dessous f\u00e9minins de ma m\u00e8re en cachette. Je me suis ensuite mari\u00e9 \u00e0 19 ans, et cette obsession a disparu. J&rsquo;ai divorc\u00e9 il y a peu, et cette envie est revenue au grand galop. Je me demande si je suis normal ? Je m&rsquo;inqui\u00e8te [&hellip;]<\/p>\n","protected":false},"author":7,"featured_media":362926,"comment_status":"open","ping_status":"open","sticky":false,"template":"","format":"standard","meta":{"footnotes":""},"categories":[3,5,29,176],"tags":[4494,420,794,476,914,6382],"class_list":["post-15240","post","type-post","status-publish","format-standard","has-post-thumbnail","hentry","category-diaporama-accueil","category-menu_site","category-nos-conseils-dexperts","category-homme","tag-adulte","tag-fantasme","tag-femme","tag-lingerie","tag-travesti","tag-travestissement"],"_links":{"self":[{"href":"https:\/\/www.union.fr\/wp-json\/wp\/v2\/posts\/15240","targetHints":{"allow":["GET"]}}],"collection":[{"href":"https:\/\/www.union.fr\/wp-json\/wp\/v2\/posts"}],"about":[{"href":"https:\/\/www.union.fr\/wp-json\/wp\/v2\/types\/post"}],"author":[{"embeddable":true,"href":"https:\/\/www.union.fr\/wp-json\/wp\/v2\/users\/7"}],"replies":[{"embeddable":true,"href":"https:\/\/www.union.fr\/wp-json\/wp\/v2\/comments?post=15240"}],"version-history":[{"count":3,"href":"https:\/\/www.union.fr\/wp-json\/wp\/v2\/posts\/15240\/revisions"}],"predecessor-version":[{"id":408124,"href":"https:\/\/www.union.fr\/wp-json\/wp\/v2\/posts\/15240\/revisions\/408124"}],"wp:featuredmedia":[{"embeddable":true,"href":"https:\/\/www.union.fr\/wp-json\/wp\/v2\/media\/362926"}],"wp:attachment":[{"href":"https:\/\/www.union.fr\/wp-json\/wp\/v2\/media?parent=15240"}],"wp:term":[{"taxonomy":"category","embeddable":true,"href":"https:\/\/www.union.fr\/wp-json\/wp\/v2\/categories?post=15240"},{"taxonomy":"post_tag","embeddable":true,"href":"https:\/\/www.union.fr\/wp-json\/wp\/v2\/tags?post=15240"}],"curies":[{"name":"wp","href":"https:\/\/api.w.org\/{rel}","templated":true}]}}