{"id":152974,"date":"2016-07-11T20:00:19","date_gmt":"2016-07-11T19:00:19","guid":{"rendered":"http:\/\/www.union.fr\/?p=152974"},"modified":"2017-04-11T16:35:25","modified_gmt":"2017-04-11T15:35:25","slug":"vih-ma-vie","status":"publish","type":"post","link":"https:\/\/www.union.fr\/sexo\/societe\/vih-ma-vie-152974.html","title":{"rendered":"VIH ma vie\u2026"},"content":{"rendered":"<p>Jacques Toubon, ancien ministre de Jacques Chirac, nomm\u00e9 D\u00e9fenseur des droits en 2014\u2026 Cela avait pr\u00eat\u00e9 \u00e0 une certaine confusion au sein de la gauche fran\u00e7aise dans la mesure o\u00f9 l\u2019homme politique s\u2019\u00e9tait illustr\u00e9 de nombreuses fois pour ses positions pas franchement progressistes au cours des trente-cinq derni\u00e8res ann\u00e9es.<\/p> <p>Le CV est long, tr\u00e8s long, et force est de constater qu\u2019il est \u00e9maill\u00e9 d\u2019accrocs plus g\u00eanants les uns que les autres. Tour \u00e0 tour oppos\u00e9 \u00e0 la d\u00e9p\u00e9nalisation de l\u2019homosexualit\u00e9, puis au Pacs, Jacques Toubon est m\u00eame all\u00e9 jusqu\u2019\u00e0 soutenir le tr\u00e8s conservateur Christian Vanneste en 2007, alors que ce dernier avait d\u00e9j\u00e0 \u00e9t\u00e9 condamn\u00e9 pour homophobie. \u00c9galement connu pour sa r\u00e9ticence \u00e0 l\u2019interruption volontaire de grossesse, l\u2019\u00e9narque avait sugg\u00e9r\u00e9 une amnistie pr\u00e9sidentielle pour des personnes ayant particip\u00e9 \u00e0 des commandos anti-avortement et \u2013 il n\u2019\u00e9tait certes pas le seul \u2013 il a aussi vot\u00e9 contre l\u2019abolition de la peine de mort\u2026 On le voit, sa nomination \u00e0 un poste aussi sensible ressemblait d\u00e8s le d\u00e9part \u00e0 une erreur de casting, ou \u00e0 un coup de poker bien audacieux de la part du gouvernement.<\/p> <h2>Tout nouveau Toubon<\/h2> <p>Mais \u00e7a, c\u2019\u00e9tait avant. Le Toubon nouveau jure mordicus que \u00ab <em>les discriminations \u00e0 l\u2019\u00e9gard des personnes vivant avec le VIH sont une r\u00e9alit\u00e9 qu\u2019il convient de d\u00e9noncer et de sanctionner.<\/em> \u00bb A-t-il \u00e9t\u00e9 enlev\u00e9 par les extraterrestres et remplac\u00e9 entre-temps ? L\u2019histoire ne le dit pas. Sa r\u00e9cente position de recul par rapport \u00e0 la vie politicienne et sa pr\u00e9sidence \u00e0 la Cit\u00e9 nationale de l\u2019histoire de l\u2019immigration y sont peut-\u00eatre pour quelque chose. Quoi qu\u2019il en soit, l\u2019essai est transform\u00e9 cette fois. \u00c7a y est, Toubon est un mec bien !<\/p> <h2>S\u00e9rophobes, nos institutions ?<\/h2> <p>Le projet humaniste du D\u00e9fenseur des droits est particuli\u00e8rement bien accord\u00e9 \u00e0 cette cause dont on parle peu. \u00c9tonnant dans une r\u00e9publique qui se targue volontiers de porter haut les couleurs de sa propre devise : \u00ab <em>Libert\u00e9, \u00e9galit\u00e9, fraternit\u00e9.<\/em> \u00bb Malheureusement, le combat est bien actuel et tout \u00e0 fait justifi\u00e9\u2026 Car, c\u2019est un fait, les pr\u00e9jug\u00e9s concernant les s\u00e9ropositifs ont la peau dure ; \u00e0 tel point que les institutions publiques elles-m\u00eames ont du boulot\u00a0! Le rapport rendu fin 2015 soul\u00e8ve les questions taboues de l\u2019inaptitude au terrain pour les policiers, les gendarmes et les pompiers, ainsi que l\u2019<strong>impossibilit\u00e9 d\u2019acc\u00e9der aux \u00e9coles de Saint-Cyr, Polytechnique et de la magistrature<\/strong>. La question de l\u2019entr\u00e9e dans ces \u00e9coles devrait trouver une r\u00e9solution rapide. En revanche, au moment d\u2019expliquer au public que les pompiers intervenant sur un accident de la route peuvent tout \u00e0 fait \u00eatre s\u00e9ropositifs\u2026 \u00ab <em>Il va falloir beaucoup d\u2019amour<\/em> \u00bb, comme disaient certains apr\u00e8s les attentats de novembre ! Mais surtout, il faudrait plus d\u2019informations sur le sujet afin de changer les mentalit\u00e9s. Certaines donn\u00e9es scientifiques \u00e9l\u00e9mentaires et v\u00e9rifi\u00e9es depuis au moins une d\u00e9cennie sont encore tr\u00e8s m\u00e9connues. On oublie facilement que les <strong>traitements administr\u00e9s aux personnes s\u00e9ropositives permettent non seulement de contr\u00f4ler l\u2019infection, mais aussi d\u2019emp\u00eacher la transmission du virus<\/strong>. Or, presque huit s\u00e9ropositifs sur dix sont sous traitement antir\u00e9troviral aujourd\u2019hui\u2026 Des chiffres qui seraient probablement encore plus \u00e9lev\u00e9s dans une institution comme l\u2019arm\u00e9e.<\/p> <h2>Et m\u00eame les professionnels de sant\u00e9\u2026<\/h2> <p>Plus insultant encore, c\u2019est <strong>le refus de soin direct ou d\u00e9guis\u00e9 de la part de certains dentistes ou personnels hospitaliers<\/strong> qui est point\u00e9 du doigt dans le rapport. On prend deux paires de gants pour s\u2019occuper de vous, on refuse de vous faire un d\u00e9tartrage ou on vous le propose \u00e0 150\u2009\u20ac\u2026 Parfois, c\u2019est seulement de la maladresse, mais il arrive qu\u2019on vous dise simplement non. Floril\u00e8ge : \u00ab<em> Les gens comme vous vont plut\u00f4t \u00e0 l\u2019h\u00f4pital<\/em> \u00bb, \u00ab\u00a0<em>je n\u2019ai pas le mat\u00e9riel n\u00e9cessaire, d\u00e9sol\u00e9<\/em>\u00a0\u00bb ou \u00ab\u00a0<em>je vous rappelle pour annuler. Le dentiste ne prend que des personnes recommand\u00e9es<\/em>\u00a0\u00bb, etc. De m\u00eame, l\u2019acc\u00e8s \u00e0 l\u2019emprunt bancaire reste un gros sujet pour les associations de d\u00e9fense des droits.<\/p> <p>L\u2019impact r\u00e9el du rapport sera \u00e0 \u00e9valuer au cours de cette ann\u00e9e, mais les pouvoirs du D\u00e9fenseur des droits ne sont pas n\u00e9gligeables, ce Zorro r\u00e9publicain peut notamment infl\u00e9chir des d\u00e9cisions gouvernementales ou aider au niveau local en cas de besoin et faire intervenir un maire ou un d\u00e9put\u00e9 sur une question sensible.<\/p> <p>Un peu d\u2019espoir pour les personnes touch\u00e9es par le virus en 2016 !<\/p> <p><strong>\u00c0 lire aussi &gt;&gt;<\/strong><\/p> <p class=\"clearfix\"><a href=\"http:\/\/www.union.fr\/sexo\/societe\/vih-les-vrais-chiffres-152820.html\"><div class=\"wrap-img\" id=\"wrap-img-152839\"><img loading=\"lazy\" decoding=\"async\" itemprop=\"thumbnailUrl\" class=\"wp-image-152839 alignleft\" src=\"http:\/\/www.union.fr\/wp-content\/uploads\/2016\/07\/vih-les-vrais-chiffres.png\" alt=\"VIH les vrais chiffres\" width=\"300\" height=\"199\" \/><\/div><\/a><a href=\"http:\/\/www.union.fr\/sexo\/societe\/vih-les-vrais-chiffres-152820.html\">VIH : les vrais chiffres&#8230;<\/a><br \/> <em>\u00ab\u00a0En droite ligne de la communication disruptive et spontan\u00e9e \u00e0 laquelle HF pr\u00e9vention nous avait habitu\u00e9s, les deux personnages cr\u00e9\u00e9s pour MIP sont aussi impressionnants que comiques et ne se g\u00eanent pas \u00e9voquer les sujets qui f\u00e2chent avec une pointe de d\u00e9rision communicative et un zeste doux-amer qui rappelle la gravit\u00e9 de la situation fran\u00e7aise en mati\u00e8re de pr\u00e9vention\u2026\u00a0L\u2019occasion pour nous de donner la parole au directeur de l\u2019association J\u00e9r\u00f4me Andr\u00e9.\u00a0\u00bb<\/em><\/p> ","protected":false},"excerpt":{"rendered":"<p>Fin 2015, l\u2019association Aides a rendu un rapport au D\u00e9fenseur des droits, Jacques Toubon. On y trouve le panorama d\u2019une France encore p\u00e9trie de pr\u00e9jug\u00e9s et en manque d\u2019information sur les avanc\u00e9es th\u00e9rapeutiques des vingt derni\u00e8res ann\u00e9es. Une montagne de probl\u00e8mes pour les personnes s\u00e9ropositives, alors qu\u2019il suffirait souvent de changer les mentalit\u00e9s !<\/p>\n","protected":false},"author":7,"featured_media":152991,"comment_status":"open","ping_status":"open","sticky":false,"template":"","format":"standard","meta":{"footnotes":""},"categories":[3,5,15,194],"tags":[201,442],"class_list":["post-152974","post","type-post","status-publish","format-standard","has-post-thumbnail","hentry","category-diaporama-accueil","category-menu_site","category-sexo","category-societe","tag-sida","tag-vih"],"_links":{"self":[{"href":"https:\/\/www.union.fr\/wp-json\/wp\/v2\/posts\/152974","targetHints":{"allow":["GET"]}}],"collection":[{"href":"https:\/\/www.union.fr\/wp-json\/wp\/v2\/posts"}],"about":[{"href":"https:\/\/www.union.fr\/wp-json\/wp\/v2\/types\/post"}],"author":[{"embeddable":true,"href":"https:\/\/www.union.fr\/wp-json\/wp\/v2\/users\/7"}],"replies":[{"embeddable":true,"href":"https:\/\/www.union.fr\/wp-json\/wp\/v2\/comments?post=152974"}],"version-history":[{"count":4,"href":"https:\/\/www.union.fr\/wp-json\/wp\/v2\/posts\/152974\/revisions"}],"predecessor-version":[{"id":164327,"href":"https:\/\/www.union.fr\/wp-json\/wp\/v2\/posts\/152974\/revisions\/164327"}],"wp:featuredmedia":[{"embeddable":true,"href":"https:\/\/www.union.fr\/wp-json\/wp\/v2\/media\/152991"}],"wp:attachment":[{"href":"https:\/\/www.union.fr\/wp-json\/wp\/v2\/media?parent=152974"}],"wp:term":[{"taxonomy":"category","embeddable":true,"href":"https:\/\/www.union.fr\/wp-json\/wp\/v2\/categories?post=152974"},{"taxonomy":"post_tag","embeddable":true,"href":"https:\/\/www.union.fr\/wp-json\/wp\/v2\/tags?post=152974"}],"curies":[{"name":"wp","href":"https:\/\/api.w.org\/{rel}","templated":true}]}}