{"id":153842,"date":"2026-03-09T14:00:49","date_gmt":"2026-03-09T12:00:49","guid":{"rendered":"http:\/\/www.union.fr\/?p=153842"},"modified":"2026-03-05T17:15:48","modified_gmt":"2026-03-05T15:15:48","slug":"histoire-de-sexe-mon-voisin-le-branleur","status":"publish","type":"post","link":"https:\/\/www.union.fr\/recits\/histoire-de-sexe-mon-voisin-le-branleur-153842.html","title":{"rendered":"Mon voisin le branleur"},"content":{"rendered":"<p>Je me pr\u00e9nomme St\u00e9phanie, j&rsquo;ai 34 ans, brune, <a href=\"https:\/\/www.union.fr\/recits\/vive-la-mariee-13350.html#post-13350\">mari\u00e9e<\/a> depuis 11 ans avec un routier. Il y a deux ans, nous avons emm\u00e9nag\u00e9 \u00e0 la campagne dans un petit village pr\u00e8s de Beaune, en C\u00f4te-d&rsquo;Or. Nous habitons une maison avec jardin, d\u00e9limit\u00e9e par une haie tr\u00e8s dense. Nous ne fr\u00e9quentons pas trop nos voisins. Juste des petites conversations, comme \u00e7a, ou des gestes amicaux. Le monsieur d&rsquo;\u00e0 c\u00f4t\u00e9 est gentil. Pas tr\u00e8s bavard, mais souriant. Il doit avoir la cinquantaine. C&rsquo;est un jeune veuf. Laissez moi vous partager mon <a href=\"https:\/\/www.union.fr\/recits\">histoire porno<\/a>.<\/p> <p><a href=\"https:\/\/video.union.fr\/fr\/product\/reveil-surprise\"><div class=\"wrap-img\" id=\"wrap-img-458124\"><img loading=\"lazy\" decoding=\"async\" itemprop=\"thumbnailUrl\" class=\"aligncenter wp-image-458124 size-full\" src=\"https:\/\/www.union.fr\/wp-content\/uploads\/2020\/06\/gif-pour-vignettes.gif\" alt=\"\" width=\"300\" height=\"300\" \/><\/div><\/a><\/p> <h2>Guetter entre les haies<\/h2> <p>Au printemps de l&rsquo;ann\u00e9e derni\u00e8re, alors que <strong>je profitais des premiers jours de chaleur<\/strong> (je travaille \u00e0 mi-temps), j&rsquo;ai entendu des g\u00e9missements \u00e0 plusieurs reprises. J&rsquo;\u00e9tais contente de penser\u00a0que notre <a href=\"https:\/\/www.union.fr\/recits\/histoire-de-sexe-mon-voisin-ma-initie-fellation-13549.html#post-13549\">voisin<\/a> avait retrouv\u00e9 une vie sexuelle. Au bout d&rsquo;un moment, la curiosit\u00e9 l&rsquo;a emport\u00e9 : <strong>j&rsquo;ai essay\u00e9 de les guetter entre les haies<\/strong>. Surprise ! Ce cher voisin \u00e9tait seul ! Il \u00e9tait l\u00e0, nu sur son transat, un livre dans la main, son sexe dans l&rsquo;autre. Il se masturbait gentiment au rythme de la lecture.<\/p> <p>C&rsquo;\u00e9tait tr\u00e8s troublant. <strong>C&rsquo;\u00e9tait la premi\u00e8re fois que je voyais un tel <a href=\"https:\/\/www.union.fr\/recits\/histoire-de-sexe-spectacle-prive-a-hotel-310596.html#post-310596\">spectacle<\/a> en vrai<\/strong>. M\u00eame mon mari ne se branle pas devant moi. Voil\u00e0 comment j&rsquo;ai commenc\u00e9 \u00e0 \u00e9pier mon voisin. C&rsquo;est ainsi que je me suis aper\u00e7ue qu&rsquo;\u00e0 chaque occasion, il se d\u00e9shabillait.\u00a0Je l&rsquo;ai vu <a href=\"https:\/\/www.union.fr\/recits\/avec-le-jardinier-du-camping-13938.html#post-13938\">jardiner<\/a>, tondre sa pelouse, cueillir ses fruits&#8230; toujours \u00e0 poil !<\/p> <p>Ensuite, il prenait une <a href=\"https:\/\/www.union.fr\/recits\/la-douche-ouverte-227862.html#post-227862\">douche<\/a> \u00e0 l&rsquo;ext\u00e9rieur. Durant cette p\u00e9riode, mon \u00ab <em>super branleur<\/em> \u00bb a d\u00fb me refiler son virus&#8230; \u00c0 force de le mater, <strong>j&rsquo;ai fini par me tripoter en le regardant, ou en pensant \u00e0 sa belle <a href=\"https:\/\/www.union.fr\/recits\/quelle-queue-mon-neveu-13318.html#post-13318\">queue<\/a><\/strong>. Cet homme ni laid ni beau, mince et muscl\u00e9, avait un beau sexe bien dessin\u00e9, un joli gland qui devait faire beaucoup de bien en p\u00e9n\u00e9trant une petite chatte. <strong>J&rsquo;\u00e9tais complice de ses masturbations, deux \u00e0 trois fois par semaine<\/strong> lorsqu&rsquo;il faisait beau. J&rsquo;arrivais m\u00eame \u00e0 jouir en m\u00eame temps que lui. Seulement voil\u00e0, cette ann\u00e9e, j&rsquo;ai craqu\u00e9.<\/p> <p><a href=\"https:\/\/loveshop.union.fr\/\"><div class=\"wrap-img\" id=\"wrap-img-457480\"><img loading=\"lazy\" decoding=\"async\" class=\"aligncenter wp-image-457480 size-full\" src=\"https:\/\/www.union.fr\/wp-content\/uploads\/2025\/07\/gif-pour-vignettes-22.gif\" alt=\"\" width=\"300\" height=\"300\" \/><\/div><\/a><\/p> <h2>Invitation surprise<\/h2> <p>Au d\u00e9but du mois de juin, alors que cela faisait d\u00e9j\u00e0 quelques semaines qu&rsquo;il avait recommenc\u00e9 \u00e0 se pavaner la <a href=\"https:\/\/www.union.fr\/recits\/la-bite-et-le-couvert-267532.html#post-267532\">bite<\/a> \u00e0 l&rsquo;air, s&rsquo;astiquant sous mes yeux, <strong>j&rsquo;ai d\u00e9cid\u00e9 de savoir s&rsquo;il serait encore capable de baiser une petite chatte en chaleur<\/strong>. Je l&rsquo;ai regard\u00e9 s&rsquo;installer sous son cerisier, son livre de cul sur les genoux, la <a href=\"https:\/\/www.union.fr\/recits\/les-verges-espagnoles-13399.html#post-13399\">verge<\/a> \u00e0 la main&#8230; et je suis pass\u00e9e par le portail d&rsquo;entr\u00e9e, comme \u00e7a.<\/p> <p>Je portais une minijupe et un chemisier transparent. Aucune <a href=\"https:\/\/www.union.fr\/recits\/histoire-porno-culotte-hey-278456.html#post-278456\">culotte<\/a> bien s\u00fbr&#8230; Je me suis avanc\u00e9e vers lui en silence. <strong>Il massait doucement sa queue en \u00e9rection<\/strong>. J&rsquo;ai eu un instant de panique et j&rsquo;ai failli repartir en sens inverse. Mais c&rsquo;\u00e9tait trop tard, j&rsquo;avais trop r\u00eav\u00e9 de cet instant. Je me suis arr\u00eat\u00e9e tout pr\u00e8s de lui,<strong> j&rsquo;ai pris sa main et je l&rsquo;ai fait passer sous ma jupe<\/strong> pour qu&rsquo;il n&rsquo;ait aucun doute sur mes intentions charnelles. Il a sursaut\u00e9 ! Il ne m&rsquo;avait pas vue venir du tout !<\/p> <p>Il a cherch\u00e9 quelque chose pour se couvrir, mais il n&rsquo;y avait aucun v\u00eatement \u00e0 proximit\u00e9. Je lui ai alors demand\u00e9 si je pouvais me joindre \u00e0 sa lecture qui semblait si passionnante. Apr\u00e8s \u00eatre pass\u00e9s tous les deux par toutes les couleurs de l&rsquo;arc-en-ciel, <strong>il m&rsquo;a invit\u00e9e \u00e0 m&rsquo;asseoir aupr\u00e8s de lui<\/strong>. Il m&rsquo;a fait d\u00e9couvrir ce qui le faisait tant <a href=\"https:\/\/www.union.fr\/recits\/lautoroute-fait-bander-149808.html#post-149808\">bander<\/a>&#8230; je vous le donne en mille Union.\u00a0Je me suis d\u00e9shabill\u00e9e et nous nous sommes install\u00e9s. <strong>Nous nous sommes masturb\u00e9s en lisant deux de vos r\u00e9cits<\/strong>. Et ensuite, j&rsquo;ai pu v\u00e9rifier qu&rsquo;il \u00e9tait encore tout \u00e0 fait capable de baiser !<\/p> <p>Nous l&rsquo;avons fait dans l&rsquo;herbe et <strong>j&rsquo;ai pris un pied terrible avec cet homme<\/strong> qui ne m&rsquo;avait jamais attir\u00e9e. Si je ne l&rsquo;avais pas vu se branler pendant plus d&rsquo;un an, rien ne serait arriv\u00e9. On a remis \u00e7a deux fois cette semaine. <strong>Sa queue est plus longue et plus large<\/strong> que celle de mon mari et surtout, elle est beaucoup plus disponible ! Je pense, vu les discussions que nous avons eues et nos lectures, que je vais faire de gros progr\u00e8s c\u00f4t\u00e9 sexe. Je vous raconterai la suite si cette aventure vous a int\u00e9ress\u00e9s.<\/p> <p><strong>A lire aussi :<\/strong><\/p> <p><a href=\"http:\/\/www.union.fr\/recits\/recits-illustres\/la-tentation-dambre-152002.html#post-152002\">La tentation d&rsquo;Ambre<\/a><\/p> <p><a href=\"http:\/\/www.union.fr\/recits\/recits-illustres\/blondes-a-croquer-145637.html#post-145637\">Blondes \u00e0 croquer<\/a><\/p> <p><a href=\"https:\/\/www.union.fr\/recits\/hds-voyeurisme-voisins-351530.html#post-351530\">Voyeurisme entre voisins<\/a><\/p> <p><a href=\"https:\/\/livecam.union.fr\/fr\/\"><div class=\"wrap-img\" id=\"wrap-img-363059\"><img loading=\"lazy\" decoding=\"async\" class=\"size-medium wp-image-363059 aligncenter\" src=\"https:\/\/www.union.fr\/wp-content\/uploads\/2021\/08\/4-1-300x250.png\" alt=\"\" width=\"300\" height=\"250\" \/><\/div><\/a><\/p> ","protected":false},"excerpt":{"rendered":"<p>Je me pr\u00e9nomme St\u00e9phanie, j&rsquo;ai 34 ans, brune, mari\u00e9e depuis 11 ans avec un routier. Il y a deux ans, nous avons emm\u00e9nag\u00e9 \u00e0 la campagne dans un petit village pr\u00e8s de Beaune, en C\u00f4te-d&rsquo;Or. Nous habitons une maison avec jardin, d\u00e9limit\u00e9e par une haie tr\u00e8s dense. Nous ne fr\u00e9quentons pas trop nos voisins. Juste [&hellip;]<\/p>\n","protected":false},"author":7,"featured_media":153851,"comment_status":"open","ping_status":"open","sticky":false,"template":"","format":"standard","meta":{"footnotes":""},"categories":[3,5941,5935,5950,5,2,8],"tags":[551,159,855,714,342],"class_list":["post-153842","post","type-post","status-publish","format-standard","has-post-thumbnail","hentry","category-diaporama-accueil","category-exhibition-recits","category-masturbation-recits","category-voyeurisme-recits","category-menu_site","category-mise-en-avant","category-recits","tag-branlette","tag-masturbation","tag-nudiste","tag-voisin","tag-voyeurisme"],"_links":{"self":[{"href":"https:\/\/www.union.fr\/wp-json\/wp\/v2\/posts\/153842","targetHints":{"allow":["GET"]}}],"collection":[{"href":"https:\/\/www.union.fr\/wp-json\/wp\/v2\/posts"}],"about":[{"href":"https:\/\/www.union.fr\/wp-json\/wp\/v2\/types\/post"}],"author":[{"embeddable":true,"href":"https:\/\/www.union.fr\/wp-json\/wp\/v2\/users\/7"}],"replies":[{"embeddable":true,"href":"https:\/\/www.union.fr\/wp-json\/wp\/v2\/comments?post=153842"}],"version-history":[{"count":10,"href":"https:\/\/www.union.fr\/wp-json\/wp\/v2\/posts\/153842\/revisions"}],"predecessor-version":[{"id":466316,"href":"https:\/\/www.union.fr\/wp-json\/wp\/v2\/posts\/153842\/revisions\/466316"}],"wp:featuredmedia":[{"embeddable":true,"href":"https:\/\/www.union.fr\/wp-json\/wp\/v2\/media\/153851"}],"wp:attachment":[{"href":"https:\/\/www.union.fr\/wp-json\/wp\/v2\/media?parent=153842"}],"wp:term":[{"taxonomy":"category","embeddable":true,"href":"https:\/\/www.union.fr\/wp-json\/wp\/v2\/categories?post=153842"},{"taxonomy":"post_tag","embeddable":true,"href":"https:\/\/www.union.fr\/wp-json\/wp\/v2\/tags?post=153842"}],"curies":[{"name":"wp","href":"https:\/\/api.w.org\/{rel}","templated":true}]}}