{"id":155032,"date":"2016-09-22T09:57:35","date_gmt":"2016-09-22T08:57:35","guid":{"rendered":"http:\/\/www.union.fr\/?p=155032"},"modified":"2016-09-22T09:57:35","modified_gmt":"2016-09-22T08:57:35","slug":"bruxelles-mystere-de-bite-geante","status":"publish","type":"post","link":"https:\/\/www.union.fr\/actus\/insolite\/bruxelles-mystere-de-bite-geante-155032.html","title":{"rendered":"La bite g\u00e9ante de Bruxelles"},"content":{"rendered":"<p>Les habitants de Saint-Gilles, une des 19 communes de Bruxelles-Capitale, ont pu apercevoir dans les rues de leur quartier un p\u00e9nis g\u00e9ant au repos les surveillant fi\u00e8rement du haut d&rsquo;un mur.<br \/> Apparue le week-end dernier, cette oeuvre de street art plut\u00f4t provocatrice n&rsquo;a pas encore \u00e9t\u00e9 revendiqu\u00e9e par son auteur.<br \/> Si tous les regards se sont tourn\u00e9s vers Bonom, un graffeur tr\u00e8s connu de Bruxelles, celui-ci aurait d\u00e9clar\u00e9 \u00e0 la RTBF : \u00ab\u00a0<em>Ce n\u2019est pas moi bien entendu et je ne d\u00e9sire pas \u00eatre m\u00eal\u00e9 \u00e0 cette histoire!\u00a0\u00bb<\/em><\/p> <p>L&rsquo;identit\u00e9 de l&rsquo;auteur reste donc toujours un myst\u00e8re pour cette \u0153uvre qui d\u00e9cha\u00eene les passions. Plac\u00e9e dans un quartier populaire, juste en face de d&rsquo;une \u00e9cole catholique, elle est consid\u00e9r\u00e9e comme \u00ab\u00a0d\u00e9plac\u00e9e<em>\u00a0\u00bb <\/em>par certains, en particulier le cdH (Centre Democrate Humaniste) de Saint-Gilles qui entend bien porter l&rsquo;affaire au conseil communal. Pour l&rsquo;instant, un premier contact est en train d&rsquo;\u00eatre \u00e9tabli avec le propri\u00e9taire du mur.<em><br \/> <\/em><\/p> <h2>La Moule de Sainte-Catherine<\/h2> <p>Comme une r\u00e9cidive, un sexe f\u00e9minin \u00e0 l&rsquo;aube de la p\u00e9n\u00e9tration est apparue rue des poissonniers quelques jours apr\u00e8s. Un dossier de plus \u00e0 traiter par la ville de Bruxelles.<\/p> <p><a href=\"http:\/\/www.union.fr\/wp-content\/uploads\/2016\/09\/bruxelles-le-mystere-de-la-bite-geante02.jpg\"><div class=\"wrap-img\" id=\"wrap-img-155035\"><img loading=\"lazy\" decoding=\"async\" itemprop=\"thumbnailUrl\" class=\" wp-image-155035 aligncenter\" src=\"http:\/\/www.union.fr\/wp-content\/uploads\/2016\/09\/bruxelles-le-mystere-de-la-bite-geante02.jpg\" alt=\"bruxelles-le-mystere-de-la-bite-geante02\" width=\"320\" height=\"316\" \/><\/div><\/a><\/p> <p><strong>A lire aussi &gt;&gt;<\/strong> <a href=\"http:\/\/www.union.fr\/actus\/les-breves\/buzz\/laffaire-culottee-dafida-turner-155013.html\">L&rsquo;affaire culott\u00e9e d&rsquo;Afida Turner<\/a><\/p> <p>(Source : Allcityblog.fr et RTBF.be)<\/p> ","protected":false},"excerpt":{"rendered":"<p>Quand les organes g\u00e9nitaux font le mur !<\/p>\n","protected":false},"author":4,"featured_media":155034,"comment_status":"open","ping_status":"open","sticky":false,"template":"","format":"standard","meta":{"footnotes":""},"categories":[3,20],"tags":[132,46,1297],"class_list":["post-155032","post","type-post","status-publish","format-standard","has-post-thumbnail","hentry","category-diaporama-accueil","category-insolite","tag-artiste","tag-insolite","tag-street-art"],"_links":{"self":[{"href":"https:\/\/www.union.fr\/wp-json\/wp\/v2\/posts\/155032","targetHints":{"allow":["GET"]}}],"collection":[{"href":"https:\/\/www.union.fr\/wp-json\/wp\/v2\/posts"}],"about":[{"href":"https:\/\/www.union.fr\/wp-json\/wp\/v2\/types\/post"}],"author":[{"embeddable":true,"href":"https:\/\/www.union.fr\/wp-json\/wp\/v2\/users\/4"}],"replies":[{"embeddable":true,"href":"https:\/\/www.union.fr\/wp-json\/wp\/v2\/comments?post=155032"}],"version-history":[{"count":3,"href":"https:\/\/www.union.fr\/wp-json\/wp\/v2\/posts\/155032\/revisions"}],"predecessor-version":[{"id":155038,"href":"https:\/\/www.union.fr\/wp-json\/wp\/v2\/posts\/155032\/revisions\/155038"}],"wp:featuredmedia":[{"embeddable":true,"href":"https:\/\/www.union.fr\/wp-json\/wp\/v2\/media\/155034"}],"wp:attachment":[{"href":"https:\/\/www.union.fr\/wp-json\/wp\/v2\/media?parent=155032"}],"wp:term":[{"taxonomy":"category","embeddable":true,"href":"https:\/\/www.union.fr\/wp-json\/wp\/v2\/categories?post=155032"},{"taxonomy":"post_tag","embeddable":true,"href":"https:\/\/www.union.fr\/wp-json\/wp\/v2\/tags?post=155032"}],"curies":[{"name":"wp","href":"https:\/\/api.w.org\/{rel}","templated":true}]}}