{"id":155290,"date":"2023-06-29T14:00:32","date_gmt":"2023-06-29T12:00:32","guid":{"rendered":"http:\/\/www.union.fr\/?p=155290"},"modified":"2023-06-27T15:56:33","modified_gmt":"2023-06-27T13:56:33","slug":"elle-etait-bonne%e2%80%89","status":"publish","type":"post","link":"https:\/\/www.union.fr\/recits\/elle-etait-bonne%e2%80%89-155290.html","title":{"rendered":"Elle \u00e9tait bonne\u2009?"},"content":{"rendered":"<div class=\"edisound-texttospeech-player\" data-pid=\"1edda199-3317-67ea-8adc-7da05b25919d\" data-selector=\".article_body_content\"><\/div> <p><script type=\"text\/javascript\" src=\"https:\/\/publishers.edisound.com\/player\/javascript\/init.js\" async><\/script><\/p> <p>Je sais que je suis un peu jeune pour lire ce mensuel, j\u2019ai 24 ans. Pour \u00eatre tout \u00e0 fait honn\u00eate, je l\u2019ai d\u00e9couvert par hasard chez des parents d\u2019amis et j\u2019ai trouv\u00e9 le concept de raconter ses histoires coquines tr\u00e8s sympa. Alors je me lance : voici mon <a href=\"https:\/\/www.union.fr\/recits\">histoire de sexe\u2009<\/a>!<\/p>  <p><a href=\"https:\/\/video.union.fr\/thematiques\/femme-a-lunettes-femme-en-levrette\"><div class=\"wrap-img\" id=\"wrap-img-414736\"><img loading=\"lazy\" decoding=\"async\" itemprop=\"thumbnailUrl\" class=\"aligncenter wp-image-414736 size-medium\" src=\"https:\/\/www.union.fr\/wp-content\/uploads\/2023\/06\/widget-vod-femme-lunettes-femme-levrette-300x250.jpg\" alt=\"\" width=\"300\" height=\"250\" \/><\/div><\/a><\/p>  <h2>Un d\u00e9part en vacances<\/h2> <p>\u00c0 c\u00f4t\u00e9 de mes \u00e9tudes, je suis chanteuse depuis deux ans dans un groupe de pop rock \u00e0 tendance \u00e9lectro. C\u2019est vraiment une exp\u00e9rience super et on s\u2019entend bien. <strong>On a d\u00e9cid\u00e9 de profiter de nos vacances pour partir ensemble pr\u00e8s de la mer<\/strong> afin de trouver l\u2019inspiration pour de nouvelles musiques. J\u2019avais h\u00e9sit\u00e9 longuement parce que je savais que Jean, un des membres, \u00e9tait un peu amoureux de moi, mais il ne m\u2019int\u00e9ressait vraiment pas. Il \u00e9tait \u00e0 la fois pataud et vraiment pas tr\u00e8s fin. Bref, j\u2019ai quand m\u00eame suivi le groupe, et<strong> Jean, comme je l\u2019avais anticip\u00e9, n\u2019arr\u00eatait pas de me coller aux pattes.<\/strong><\/p> <p>Cependant j\u2019ai r\u00e9ussi \u00e0 ruser. Alors que nous partions tous ensemble \u00e0 la <a href=\"https:\/\/www.union.fr\/recits\/histoire-de-sexe-baise-sur-plage-deserte-370431.html#post-370431\">plage<\/a>, la guitare sous le bras,<strong> j\u2019ai rep\u00e9r\u00e9 un super beau mec, un peu plus \u00e2g\u00e9 que la moyenne du groupe<\/strong> (je pr\u00e9f\u00e8re les mecs matures aux petits jeunes). J\u2019ai pr\u00e9text\u00e9 que je devais aller pisser, et d\u00e8s qu\u2019ils ont commenc\u00e9 \u00e0 se d\u00e9sint\u00e9resser de moi, je suis all\u00e9e parler au mec. <strong>Il \u00e9tait torse nu, vraiment canon<\/strong>, je me suis dit que je faisais peut-\u00eatre une grosse connerie, mais en m\u00eame temps j\u2019avais envie de sexe et je ne me voyais pas coucher avec quelqu\u2019un de la bande.<\/p> <p><a href=\"https:\/\/livecam.union.fr\/fr\/\"><div class=\"wrap-img\" id=\"wrap-img-373776\"><img loading=\"lazy\" decoding=\"async\" class=\"size-medium wp-image-373776 aligncenter\" src=\"https:\/\/www.union.fr\/wp-content\/uploads\/2021\/11\/2-1-300x250.png\" alt=\"\" width=\"300\" height=\"250\" \/><\/div><\/a><\/p> <h2>Un \u00e9t\u00e9 \u00ab\u00a0<em>chaud<\/em>\u00a0\u00bb en deux parties<\/h2> <p>Je me rappelle encore de ma phrase d\u2019accroche qui, avec le recul, \u00e9tait compl\u00e8tement d\u00e9bile\u00a0: \u00ab<em> Il fait chaud, non\u2009<\/em>? \u00bb On n\u2019aurait pas pu faire plus banal. Il a \u00e9t\u00e9 adorable et a su rebondir sur cette question. Nous avons discut\u00e9 un petit peu, et je ne sais lequel des deux a embrass\u00e9 l\u2019autre le premier. Lui, s\u00fbrement. Je n\u2019aurai jamais os\u00e9. Et il a bien fait, j\u2019avais tr\u00e8s envie de le go\u00fbter, de sentir son corps, <strong>d\u2019avoir enfin une partie de baise sans retenue.<\/strong> On \u00e9tait \u00e0 un endroit qui n\u2019\u00e9tait que tr\u00e8s peu passant, je l\u2019ai donc d\u00e9braguett\u00e9 sans lui demander vraiment son avis, je l\u2019ai <a href=\"https:\/\/www.union.fr\/recits\/histoire-de-sexe-camille-aime-les-sucettes-187545.html#post-187545\">suc\u00e9<\/a>.<\/p> <p>Il avait l\u2019air un peu g\u00ean\u00e9, il caressait doucement mes cheveux et ma joue, mais je sentais qu\u2019il n\u2019\u00e9tait pas du tout \u00e0 son aise.<strong> Il m\u2019a murmur\u00e9 \u00e0 l\u2019oreille : \u00ab <em>T\u2019en fais une partie ici et l\u2019autre partie dans ma chambre d\u2019h\u00f4tel\u2009? Je ne loge pas loin de la plage\u2026\u00a0<\/em>\u00bb<\/strong> J\u2019ai acquiesc\u00e9, la bouche pleine. Je le su\u00e7ais comme une bonne goinfre, j\u2019avais envie qu\u2019il en tr\u00e9pigne d\u2019impatience sur le chemin qui menait jusque chez lui. Je me suis arr\u00eat\u00e9e au bout de cinq minutes, satisfaite de cette petite mise en bouche.<\/p> <p><a href=\"https:\/\/boutique.union.fr\/\"><div class=\"wrap-img\" id=\"wrap-img-367678\"><img loading=\"lazy\" decoding=\"async\" class=\"aligncenter wp-image-367678 size-medium\" src=\"https:\/\/www.union.fr\/wp-content\/uploads\/2021\/09\/3-1-300x250.png\" alt=\"\" width=\"300\" height=\"250\" \/><\/div><\/a><\/p>  <h2>Une deuxi\u00e8me partie en priv\u00e9e<\/h2> <p>La deuxi\u00e8me partie de ma fellation s\u2019est d\u00e9roul\u00e9e dans sa chambre tr\u00e8s bien rang\u00e9e d\u2019une vingtaine de m\u00e8tres carr\u00e9s, dans son h\u00f4tel moyenne gamme. <strong>Je sentais qu\u2019il se l\u00e2chait beaucoup plus maintenant que nous \u00e9tions \u00e0 l\u2019abri des regards.<\/strong> Il faisait des mouvements d\u2019avant en arri\u00e8re avec son bassin pour me l\u2019enfoncer le plus loin possible. C\u2019\u00e9tait assez excitant. Nous \u00e9tions tr\u00e8s silencieux tous les deux, concentr\u00e9s sur notre t\u00e2che. Je savais que l\u2019heure avan\u00e7ait et que j\u2019allais tr\u00e8s certainement me faire engueuler par mes amis, mais tant pis, c\u2019\u00e9tait trop bon.<\/p> <p>Au moment de jouir, il a carr\u00e9ment tenu ma t\u00eate entre ses mains, m\u2019a forc\u00e9e \u00e0 ouvrir grand la bouche et \u00e0 tirer la langue. C\u2019\u00e9tait lui qui contr\u00f4lait compl\u00e8tement la p\u00e9n\u00e9tration et il n\u2019y allait pas de main morte.<strong> Il l\u2019enfon\u00e7ait bien fort et la ressortait en entier.<\/strong> C\u2019\u00e9tait un peu violent mais j\u2019aimais \u00e7a. Je ne suis pas s\u00fbre que Jean aurait pu avoir autant de t\u00e9m\u00e9rit\u00e9. <strong>Il a fini par tout me gicler \u00e0 la gueule.<\/strong> Je dois avouer que je ne m\u2019y attendais pas vraiment, mais \u00e7a devait faire partie de son d\u00e9lire.<\/p> <p><a href=\"https:\/\/video.union.fr\/confessions-de-couple\/confessions-de-couple-azylis-et-aaron-\"><div class=\"wrap-img\" id=\"wrap-img-413768\"><img loading=\"lazy\" decoding=\"async\" class=\"aligncenter wp-image-413768 size-medium\" src=\"https:\/\/www.union.fr\/wp-content\/uploads\/2023\/04\/widget_vod_azylisaaron-300x250.jpg\" alt=\"\" width=\"300\" height=\"250\" \/><\/div><\/a><\/p>  <h2>Retrouver le groupe<\/h2> <p>Je n\u2019ai pas pris la peine de lui demander son pr\u00e9nom,<strong> j\u2019ai couru dans la salle de bains me d\u00e9barbouiller<\/strong> et j\u2019ai rejoins mes amis un peu apr\u00e8s.<\/p> <p>Ils n\u2019\u00e9taient plus \u00e0 la plage. Je dois avouer que j\u2019ai un peu paniqu\u00e9 mais je les ai tous retrouv\u00e9 au camping dans lequel nous s\u00e9journions.<\/p> <p>Comme je l\u2019avais anticip\u00e9, j\u2019ai eu le droit \u00e0 de nombreuses remarques : \u00ab <em>Ben alors, t\u2019\u00e9tais o\u00f9\u2009? Tu sais qu\u2019on a paniqu\u00e9 Laura\u2009? T\u2019aurais pu nous pr\u00e9venir que ton pipi allait durer le temps d\u2019un apr\u00e8s-midi\u2026<\/em> \u00bb Moi, je regardais mes pieds, honteuse.<br \/> Le coup le plus assassin a \u00e9t\u00e9 donn\u00e9 par Jean : <strong>\u00ab <em>Alors, elle \u00e9tait bonne\u2009?<\/em> \u00bb Je lui ai demand\u00e9 s\u2019il parlait de la mer. \u00ab<em> Non, sa queue.<\/em> \u00bb<\/strong><\/p> <p>Zut, grill\u00e9e.<\/p>  <p><strong>A lire aussi :<\/strong><\/p> <p><a href=\"https:\/\/www.union.fr\/recits\/histoire-de-sexe-en-bande-organisee-sur-la-plage-148918.html#post-148918\">En bande organis\u00e9e sur la plage<\/a><\/p> <p><a href=\"https:\/\/www.union.fr\/recits\/amour-debene-a-plage-185875.html#post-185875\">Amour d&rsquo;\u00e9b\u00e8ne \u00e0 la plage<\/a><\/p> <p><a href=\"https:\/\/www.union.fr\/recits\/histoire-de-sexe-sucette-gourmande-13533.html#post-13533\">Sucette gourmande<\/a><\/p>   ","protected":false},"excerpt":{"rendered":"<p>Laura, 24 ans, part en vacances avec les membres de son groupe de musique. Sur la plage, elle s\u00e9duit un homme qui lui donnera du plaisir deux fois !<\/p>\n","protected":false},"author":7,"featured_media":155294,"comment_status":"open","ping_status":"open","sticky":false,"template":"","format":"standard","meta":{"footnotes":""},"categories":[5,8],"tags":[117,109,619,107],"class_list":["post-155290","post","type-post","status-publish","format-standard","has-post-thumbnail","hentry","category-menu_site","category-recits","tag-ejaculation-faciale","tag-fellation","tag-plage","tag-vacances"],"_links":{"self":[{"href":"https:\/\/www.union.fr\/wp-json\/wp\/v2\/posts\/155290","targetHints":{"allow":["GET"]}}],"collection":[{"href":"https:\/\/www.union.fr\/wp-json\/wp\/v2\/posts"}],"about":[{"href":"https:\/\/www.union.fr\/wp-json\/wp\/v2\/types\/post"}],"author":[{"embeddable":true,"href":"https:\/\/www.union.fr\/wp-json\/wp\/v2\/users\/7"}],"replies":[{"embeddable":true,"href":"https:\/\/www.union.fr\/wp-json\/wp\/v2\/comments?post=155290"}],"version-history":[{"count":8,"href":"https:\/\/www.union.fr\/wp-json\/wp\/v2\/posts\/155290\/revisions"}],"predecessor-version":[{"id":415236,"href":"https:\/\/www.union.fr\/wp-json\/wp\/v2\/posts\/155290\/revisions\/415236"}],"wp:featuredmedia":[{"embeddable":true,"href":"https:\/\/www.union.fr\/wp-json\/wp\/v2\/media\/155294"}],"wp:attachment":[{"href":"https:\/\/www.union.fr\/wp-json\/wp\/v2\/media?parent=155290"}],"wp:term":[{"taxonomy":"category","embeddable":true,"href":"https:\/\/www.union.fr\/wp-json\/wp\/v2\/categories?post=155290"},{"taxonomy":"post_tag","embeddable":true,"href":"https:\/\/www.union.fr\/wp-json\/wp\/v2\/tags?post=155290"}],"curies":[{"name":"wp","href":"https:\/\/api.w.org\/{rel}","templated":true}]}}