{"id":15911,"date":"2015-05-07T11:26:08","date_gmt":"2015-05-07T10:26:08","guid":{"rendered":"http:\/\/www.union.fr\/?p=15911"},"modified":"2019-11-28T12:25:36","modified_gmt":"2019-11-28T10:25:36","slug":"un-sexpresso-avec-miguel-responsable-dune-boutique-fetish","status":"publish","type":"post","link":"https:\/\/www.union.fr\/diaporama-accueil\/un-sexpresso-avec-miguel-responsable-dune-boutique-fetish-15911.html","title":{"rendered":"Un sex&rsquo;presso avec Miguel, responsable d&rsquo;une boutique fetish"},"content":{"rendered":"<p><a href=\"http:\/\/www.union.fr\/wp-content\/uploads\/2015\/05\/Nuit-demonia-2.png\"><div class=\"wrap-img\" id=\"wrap-img-15915\"><img loading=\"lazy\" decoding=\"async\" itemprop=\"thumbnailUrl\" class=\"alignnone size-full wp-image-15915\" src=\"http:\/\/www.union.fr\/wp-content\/uploads\/2015\/05\/Nuit-demonia-2.png\" alt=\"Nuit demonia 2015\" width=\"305\" height=\"219\" \/><\/div><\/a>La c\u00e9l\u00e8bre nuit D\u00e8monia, un des plus grands rassemblements Fetish de France, approche \u00e0 grands pas ! Pour faire sensation lors de cette soir\u00e9e, nous nous sommes accord\u00e9s une\u00a0 s\u00e9ance de shopping dans la boutique SM Fetish qui a initi\u00e9 le concept, et nous en avons profit\u00e9 pour discuter avec le responsable Miguel, autour d&rsquo;un caf\u00e9.<br \/> Il nous a accueilli avec un grand sourire et un tee-shirt noir \u00ab\u00a0Who the fuck is Mr. Grey ?\u00a0\u00bb&#8230; le ton \u00e9tait donn\u00e9 !<\/p> <video width=\"100%\" height=\"395px\" controls id=\"player_bcbd0d25b6fc63dbb80b2f8b78c8ebe6\" preload=\"auto\" class=\"video-js vjs-default-skin vjs-big-play-centered\" style=\"display:block; text-align: center; margin-bottom: 4px;\" poster=\"https:\/\/img.youtube.com\/vi\/cFxyMFl78Bg\/maxresdefault.jpg\"><\/video>\n\t\t\t<script>\n\t\t\t\tsetup_bcbd0d25b6fc63dbb80b2f8b78c8ebe6 = {\n\t\t\t\t\ttechOrder: [\"youtube\",\"html5\",\"flash\"],\n\t\t\tplaysinline:true,\n\t\t\tytcontrols:1,\n\t\t\t\t\tsrc : \"https:\/\/www.youtube.com\/watch?v=cFxyMFl78Bg\",\n\t\t\t\t\theight: \"395px\",\n\t\t\t\t\twidth: \"100%\",\n\t\t\t\t\tmuted: false,\n\t\t\t\t\tlanguage:\"fr\",\n\t\t\t\t\tautoplay: false,\n\t\t\t\t\tloop:false,\n\t\t\t\t\tother_videos: false,\n\t\t\t\t\tautoloop:false,\n\t\t\t\t\tplaylist:false,\n\t\t\t\n\t\t\t\t};\n\t\t\t\t\n\t\t\t\t\n\t\t\t\t\tjQuery(document).ready(function(){ \n\t\t\t\t\t\tvar id_pub = false ;\n\t\t\t\t\t\tif(window.confing_tag_video_mobile){\n\t\t\t\t\t\t\tid_pub = confing_tag_video_mobile(id_pub)\n\t\t\t\t\t\t}\n\t\t\t\t\t\tshow_videojs(\"player_bcbd0d25b6fc63dbb80b2f8b78c8ebe6\",setup_bcbd0d25b6fc63dbb80b2f8b78c8ebe6,\"https:\/\/www.union.fr\/wp-content\/themes\/reworldmedia\",id_pub,\"youtube\", {\"youtube_id\":\"cFxyMFl78Bg\",\"0\":\"union\",\"mediaid\":\"https:\\\/\\\/www.youtube.com\\\/watch?v=cFxyMFl78Bg\",\"is_pub\":\"no\",\"no_top_page\":\"yes\",\"autoplay\":\"no\",\"height\":\"395\",\"other_videos\":\"false\",\"force_play_type\":\"false\",\"right_video\":false});\t\n\t\t\t\t\t});<\/script> ","protected":false},"excerpt":{"rendered":"<p>C&rsquo;est autour d&rsquo;un caf\u00e9 que nous avons rencontr\u00e9 le responsable d&rsquo;une des plus grandes boutiques SM et Fetish de France, Miguel. Entre fantasmes et id\u00e9es re\u00e7ues&#8230; c&rsquo;est quoi vraiment le BDSM ?<\/p>\n","protected":false},"author":4,"featured_media":15912,"comment_status":"open","ping_status":"open","sticky":false,"template":"","format":"standard","meta":{"footnotes":""},"categories":[3,128],"tags":[256,123],"class_list":["post-15911","post","type-post","status-publish","format-standard","has-post-thumbnail","hentry","category-diaporama-accueil","category-interviews","tag-bdsm","tag-fetichisme"],"_links":{"self":[{"href":"https:\/\/www.union.fr\/wp-json\/wp\/v2\/posts\/15911","targetHints":{"allow":["GET"]}}],"collection":[{"href":"https:\/\/www.union.fr\/wp-json\/wp\/v2\/posts"}],"about":[{"href":"https:\/\/www.union.fr\/wp-json\/wp\/v2\/types\/post"}],"author":[{"embeddable":true,"href":"https:\/\/www.union.fr\/wp-json\/wp\/v2\/users\/4"}],"replies":[{"embeddable":true,"href":"https:\/\/www.union.fr\/wp-json\/wp\/v2\/comments?post=15911"}],"version-history":[{"count":7,"href":"https:\/\/www.union.fr\/wp-json\/wp\/v2\/posts\/15911\/revisions"}],"predecessor-version":[{"id":15935,"href":"https:\/\/www.union.fr\/wp-json\/wp\/v2\/posts\/15911\/revisions\/15935"}],"wp:featuredmedia":[{"embeddable":true,"href":"https:\/\/www.union.fr\/wp-json\/wp\/v2\/media\/15912"}],"wp:attachment":[{"href":"https:\/\/www.union.fr\/wp-json\/wp\/v2\/media?parent=15911"}],"wp:term":[{"taxonomy":"category","embeddable":true,"href":"https:\/\/www.union.fr\/wp-json\/wp\/v2\/categories?post=15911"},{"taxonomy":"post_tag","embeddable":true,"href":"https:\/\/www.union.fr\/wp-json\/wp\/v2\/tags?post=15911"}],"curies":[{"name":"wp","href":"https:\/\/api.w.org\/{rel}","templated":true}]}}