{"id":172398,"date":"2017-07-04T13:37:17","date_gmt":"2017-07-04T12:37:17","guid":{"rendered":"http:\/\/www.union.fr\/?p=172398"},"modified":"2017-07-04T13:37:17","modified_gmt":"2017-07-04T12:37:17","slug":"lgbt-premiere-ceremonie-out-dor","status":"publish","type":"post","link":"https:\/\/www.union.fr\/actus\/lgbt-premiere-ceremonie-out-dor-172398.html","title":{"rendered":"LGBT : Premi\u00e8re c\u00e9r\u00e9monie des out d\u2019or"},"content":{"rendered":"<h1><strong>C\u00e9l\u00e9brer la visibilit\u00e9 des LGBT dans la sph\u00e8re publique et m\u00e9diatique<\/strong><\/h1>   <p><strong>Les premiers Out d\u2019Or se sont tenus jeudi dernier<\/strong> \u00e0 la Maison des M\u00e9tallos. Organis\u00e9s par l\u2019association des journalistes LGBT (AJL), <strong>ils ont r\u00e9compens\u00e9 les r\u00e9dactions et les personnalit\u00e9s oeuvrant pour la visibilit\u00e9 des personnes LGBT<\/strong>. Pour Alice Coffin, membre de l\u2019AJL, le but de la c\u00e9r\u00e9monie \u00e9tait de \u00a0\u00bb\u00a0<em>valoriser le bon travail qui est fait par les journalistes et les acteurs de la sph\u00e8re publique sur les questions LGBT\u00a0<\/em>\u00a0\u00bb tout en \u00e9voquant \u00a0\u00bb <em>l&rsquo;\u00e9pineux probl\u00e8me du coming out<\/em>\u00a0\u00bb.<\/p>  <h2 style=\"padding-left: 30px;\"><a href=\"http:\/\/www.union.fr\/actus\/paris-capitale-tourisme-lgbt-170889.html\">A lire aussi : \u00ab\u00a0Paris : Capitale du tourisme LGBT\u00a0\u00bb<\/a><\/h2>  <h1><strong>Le palmar\u00e8s des premiers Out d\u2019Or fran\u00e7ais<\/strong><\/h1>   <p>La soir\u00e9e, anim\u00e9e par la journaliste Marie Labor (Arte) et la com\u00e9dienne Shirley Souagnon (Jamel Comedy Club) a r\u00e9compens\u00e9 <strong>les artistes, les m\u00e9dias et autres soutiens engag\u00e9s dans la lutte contre l\u2019homophobie et qui offrent un autre regard sur les communaut\u00e9s LGBTQI dans leur diversit\u00e9<\/strong>.<\/p> <p>C\u00f4t\u00e9 m\u00e9dias, l\u2019Out d\u2019Or de l\u2019enqu\u00eate reportage de l\u2019ann\u00e9e a \u00e9t\u00e9 attribu\u00e9e \u00e0 \u00a0\u00bb la double peine des migrants homosexuels\u00a0\u00bb, un article de Blaise Gauquelin, paru le 11 Octobre 2016 dans le Monde. Tandis que le quotidien L\u2019union Ardennais a \u00e9t\u00e9 r\u00e9compens\u00e9 de L\u2019Out d\u2019Or de la r\u00e9daction engag\u00e9e. Le journal avait publi\u00e9 le 23 novembre un \u00ab\u00a0mur de la honte\u00a0\u00bb, affichant les commentaires homophobes re\u00e7us sur son site apr\u00e8s avoir consacr\u00e9 un article contre le VIH qui mettaient en sc\u00e8ne un couple d\u2019hommes.<\/p> <p>Les r\u00e9alisateur-e-s Robin Campillo (120 battements par minute) et Amandine Gay (Ouvrir la voix) se partagent l&rsquo;Out d&rsquo;or de la cr\u00e9ation artistique.<\/p> <p>Au palmar\u00e8s des personnalit\u00e9s de l\u2019ann\u00e9e : Dans la cat\u00e9gorie de l\u2019Out d\u2019Or du coup du gueule, la journaliste et \u00e9crivaine Le\u00efla Slimani s\u2019est distingu\u00e9e pour sa prise de position contre la p\u00e9nalisation de homosexualit\u00e9 au Maroc. Le prix de la personnalit\u00e9 de l\u2019ann\u00e9e a \u00e9t\u00e9 d\u00e9cern\u00e9 au youtubeur Adrian de la Vega pour ses vid\u00e9os qui abordent la transidentit\u00e9 . L\u2019Out d\u2019Or de la personnalit\u00e9 politique a \u00e9t\u00e9 attribu\u00e9e \u00e0 Chaynesse Khirouni. La d\u00e9put\u00e9 PS s\u2019\u00e9tait particuli\u00e8rement impliqu\u00e9e dans les d\u00e9bats pour l\u2019am\u00e9lioration de la loi consacr\u00e9e au changement d\u2019\u00e9tat civil des personnes trans.<\/p> ","protected":false},"excerpt":{"rendered":"<p>Des prix d\u00e9cern\u00e9s contre l&rsquo;homophobie. <\/p>\n","protected":false},"author":8872,"featured_media":172404,"comment_status":"open","ping_status":"open","sticky":false,"template":"","format":"standard","meta":{"footnotes":""},"categories":[6,3,5,2],"tags":[2308,970,2307],"class_list":["post-172398","post","type-post","status-publish","format-standard","has-post-thumbnail","hentry","category-actus","category-diaporama-accueil","category-menu_site","category-mise-en-avant","tag-association-des-journalistes-lgbt","tag-lgbt","tag-out-dor"],"_links":{"self":[{"href":"https:\/\/www.union.fr\/wp-json\/wp\/v2\/posts\/172398","targetHints":{"allow":["GET"]}}],"collection":[{"href":"https:\/\/www.union.fr\/wp-json\/wp\/v2\/posts"}],"about":[{"href":"https:\/\/www.union.fr\/wp-json\/wp\/v2\/types\/post"}],"author":[{"embeddable":true,"href":"https:\/\/www.union.fr\/wp-json\/wp\/v2\/users\/8872"}],"replies":[{"embeddable":true,"href":"https:\/\/www.union.fr\/wp-json\/wp\/v2\/comments?post=172398"}],"version-history":[{"count":2,"href":"https:\/\/www.union.fr\/wp-json\/wp\/v2\/posts\/172398\/revisions"}],"predecessor-version":[{"id":172401,"href":"https:\/\/www.union.fr\/wp-json\/wp\/v2\/posts\/172398\/revisions\/172401"}],"wp:featuredmedia":[{"embeddable":true,"href":"https:\/\/www.union.fr\/wp-json\/wp\/v2\/media\/172404"}],"wp:attachment":[{"href":"https:\/\/www.union.fr\/wp-json\/wp\/v2\/media?parent=172398"}],"wp:term":[{"taxonomy":"category","embeddable":true,"href":"https:\/\/www.union.fr\/wp-json\/wp\/v2\/categories?post=172398"},{"taxonomy":"post_tag","embeddable":true,"href":"https:\/\/www.union.fr\/wp-json\/wp\/v2\/tags?post=172398"}],"curies":[{"name":"wp","href":"https:\/\/api.w.org\/{rel}","templated":true}]}}