{"id":180169,"date":"2017-10-18T13:06:40","date_gmt":"2017-10-18T12:06:40","guid":{"rendered":"http:\/\/www.union.fr\/?p=180169"},"modified":"2017-10-18T20:20:03","modified_gmt":"2017-10-18T19:20:03","slug":"an-dabstinence-sexuelle-pink-brise-tabou","status":"publish","type":"post","link":"https:\/\/www.union.fr\/actus\/buzz\/an-dabstinence-sexuelle-pink-brise-tabou-180169.html","title":{"rendered":"Un an d\u2019abstinence sexuelle pour Pink qui brise un tabou"},"content":{"rendered":"<h1>Je t\u2019aime, moi non plus<\/h1> <p>Dans un couple, il y a forc\u00e9ment des hauts comme des bas, des jours avec et des jours sans, des disputes et des r\u00e9conciliations. Et parfois, il arrive m\u00eame qu\u2019on remette en cause ses sentiments.\u00a0Les couples de stars qui illuminent le tapis rouge \u00e0 chacune de leur apparition main dans la main traversent eux aussi des difficult\u00e9s. Preuve en est avec Pink, mari\u00e9e depuis dix ans au pilote de motocross Carey Hart. Dans une interview accord\u00e9e \u00e0 Glamour US, la chanteuse de 38 ans a accept\u00e9 de se confier sans tabou sur ses difficult\u00e9s de couple : \u00ab\u00a0<em>Il y a des moments o\u00f9 je regarde Carey et je trouve que c\u2019est un homme bon, un bon p\u00e8re, un bon mari, il me donne le sourire et puis des fois je n\u2019aime plus rien chez lui, je trouve que nous n&rsquo;avons rien en commun, je ne veux plus jamais le revoir. Et deux semaines apr\u00e8s je me dis que tout va bien<\/em>\u00a0\u00bb souligne l\u2019interpr\u00e8te de What about us.<\/p> <p>Pink et Carey Hart se sont rencontr\u00e9s en 2001 mais se s\u00e9parent deux ans plus tard. Ils se remettent ensemble et se marient en 2007 avant de rompre \u00e0 nouveau l\u2019ann\u00e9e suivante. Le couple s\u2019est r\u00e9concili\u00e9 depuis 2010. Pink et Carey Hart sont d\u00e9sormais parents de deux enfants, une fille et un petit gar\u00e7on n\u00e9 en d\u00e9cembre 2016.<\/p> <h1>Un an sans sexe<\/h1> <p>La vie de couple est loin d\u2019\u00eatre un fleuve tranquille, bien au contraire. P\u00e8re id\u00e9al un jour, un inconnu le lendemain\u2026 M\u00eame si l&rsquo;amour est toujours l\u00e0, la libido n&rsquo;est pas au rendez-vous : \u00a0\u00ab\u00a0<em>Quand tu traverses une p\u00e9riode o\u00f9 tu n&rsquo;as pas eu de relation sexuelle depuis un an. Tu te demandes : \u00ab\u00a0est-ce que ce lit est mort ? Est-ce que c&rsquo;est la fin ? Est-ce que j&rsquo;ai envie de lui ? Est-ce qu&rsquo;il veut de moi ?&rsquo; La monogamie c&rsquo;est du boulot !\u00a0\u00bb ! Mais tu fais le job et \u00e7a repart\u00a0\u00bb<\/em>.<\/p> <p>On imagine souvent que le d\u00e9sir va de soi. Pourtant amour et d\u00e9sir peuvent deux sentiments \u00e0 la fois tr\u00e8s li\u00e9s et tr\u00e8s distincts. D\u00e9sirer quelqu\u2019un et tomber amoureux sont deux choses tr\u00e8s diff\u00e9rentes.<\/p> <h2 style=\"padding-left: 30px;\"><a href=\"http:\/\/www.union.fr\/actus\/les-breves\/buzz\/kristen-stewart-bisexuelle-epanouie-159768.html\">A lire aussi : \u00ab\u00a0Kristen Stewart, bisexuelle et \u00e9panouie !\u00a0\u00bb<\/a><\/h2> ","protected":false},"excerpt":{"rendered":"<p>Un mariage sans sexe peut-il fonctionner ? La pop star de 38 ans a accept\u00e9 de se confier sur la difficult\u00e9 d&rsquo;entretenir la libido au sein du couple sur la dur\u00e9e. <\/p>\n","protected":false},"author":8872,"featured_media":180201,"comment_status":"open","ping_status":"open","sticky":false,"template":"","format":"standard","meta":{"footnotes":""},"categories":[19,3,5,2],"tags":[485,322,2311,2560,363],"class_list":["post-180169","post","type-post","status-publish","format-standard","has-post-thumbnail","hentry","category-buzz","category-diaporama-accueil","category-menu_site","category-mise-en-avant","tag-abstinence","tag-couple","tag-people","tag-pink","tag-sexe"],"_links":{"self":[{"href":"https:\/\/www.union.fr\/wp-json\/wp\/v2\/posts\/180169","targetHints":{"allow":["GET"]}}],"collection":[{"href":"https:\/\/www.union.fr\/wp-json\/wp\/v2\/posts"}],"about":[{"href":"https:\/\/www.union.fr\/wp-json\/wp\/v2\/types\/post"}],"author":[{"embeddable":true,"href":"https:\/\/www.union.fr\/wp-json\/wp\/v2\/users\/8872"}],"replies":[{"embeddable":true,"href":"https:\/\/www.union.fr\/wp-json\/wp\/v2\/comments?post=180169"}],"version-history":[{"count":4,"href":"https:\/\/www.union.fr\/wp-json\/wp\/v2\/posts\/180169\/revisions"}],"predecessor-version":[{"id":180222,"href":"https:\/\/www.union.fr\/wp-json\/wp\/v2\/posts\/180169\/revisions\/180222"}],"wp:featuredmedia":[{"embeddable":true,"href":"https:\/\/www.union.fr\/wp-json\/wp\/v2\/media\/180201"}],"wp:attachment":[{"href":"https:\/\/www.union.fr\/wp-json\/wp\/v2\/media?parent=180169"}],"wp:term":[{"taxonomy":"category","embeddable":true,"href":"https:\/\/www.union.fr\/wp-json\/wp\/v2\/categories?post=180169"},{"taxonomy":"post_tag","embeddable":true,"href":"https:\/\/www.union.fr\/wp-json\/wp\/v2\/tags?post=180169"}],"curies":[{"name":"wp","href":"https:\/\/api.w.org\/{rel}","templated":true}]}}