{"id":190339,"date":"2018-05-07T14:54:09","date_gmt":"2018-05-07T13:54:09","guid":{"rendered":"http:\/\/www.union.fr\/?p=190339"},"modified":"2018-05-07T14:54:09","modified_gmt":"2018-05-07T13:54:09","slug":"visite-naturiste-au-palais-de-tokyo","status":"publish","type":"post","link":"https:\/\/www.union.fr\/actus\/a-voir-a-faire\/visite-naturiste-au-palais-de-tokyo-190339.html","title":{"rendered":"Visite naturiste au palais de Tokyo"},"content":{"rendered":"<h1>Tout nu au mus\u00e9e, une premi\u00e8re en France.<\/h1>  <blockquote class=\"twitter-tweet\" data-lang=\"fr\"> <p>Visite Naturiste du Palais de Tokyo : la pratique du naturisme est un vrai besoin, surtout en espace urbain. Cela permet de rompre avec les codes de la soci\u00e9t\u00e9 et d\u2019am\u00e9liorer son bien-\u00eatre. L\u2019art et la culture s\u2019ouvrent au naturisme aujourd\u2019hui \u00e0 Paris. <a href=\"https:\/\/twitter.com\/hashtag\/Naturisme?src=hash&amp;ref_src=twsrc%5Etfw\">#Naturisme<\/a> <a href=\"https:\/\/twitter.com\/hashtag\/Naturiste?src=hash&amp;ref_src=twsrc%5Etfw\">#Naturiste<\/a> <a href=\"https:\/\/t.co\/2q3CKIzHot\">pic.twitter.com\/2q3CKIzHot<\/a><\/p> <p>\u2014 ANP ASSO NAT PARIS (@ANPnaturiste75) <a href=\"https:\/\/twitter.com\/ANPnaturiste75\/status\/992633678999236609?ref_src=twsrc%5Etfw\">5 mai 2018<\/a><\/p><\/blockquote> <p><script async src=\"https:\/\/platform.twitter.com\/widgets.js\" charset=\"utf-8\"><\/script><br \/> Evoquer le mot \u00ab\u00a0nu\u00a0\u00bb dans un mus\u00e9e, c&rsquo;est souvent pour parler d&rsquo;un tableau ou d&rsquo;une sculpture. Mais ce samedi 5 mai, le palais de Tokyo propose une mise en abyme plus pouss\u00e9e&#8230; une visite cul nul ! Pr\u00e8s de 200 personnes font tomber les chemises. Les jupes remontent, les \u00e9paules se d\u00e9voilent et les jambes apparaissent dans les salles du centre d&rsquo;art contemporain. R\u00e9partis en six groupes, pendant deux heures, les naturistes ont visit\u00e9 gratuitement les cinq expositions de la saison \u00ab\u00a0Discorde, fille de nuit\u00a0\u00bb.<\/p> <p>Organis\u00e9 pour la premi\u00e8re fois en France, cet \u00e9v\u00e8nement a \u00e9t\u00e9 lanc\u00e9 par l&rsquo;Association des naturalistes de Paris (ANP). Cette initiative annonc\u00e9e depuis le mois de mars a eu un franc succ\u00e8s sur le web et a \u00ab\u00a0int\u00e9ress\u00e9\u00a0\u00bb pr\u00e8s de 30 000 curieux sur Facebook.\u00a0<strong>Le plus surprenant ?<\/strong> Le profil des demandeurs. La majorit\u00e9 \u00e9tait des femmes \u00e2g\u00e9es de 18 \u00e0 34 ans. Cette exp\u00e9rience artistique hors du commun s&rsquo;est achev\u00e9e sur les toits du palais de Tokyo dans la convivialit\u00e9.<\/p>  <h1>Une exp\u00e9rience inoubliable \u00e0 renouveler !<\/h1> <p><div class=\"wrap-img\" id=\"wrap-img-190341\"><img loading=\"lazy\" decoding=\"async\" itemprop=\"thumbnailUrl\" class=\"size-medium wp-image-190341 aligncenter\" src=\"http:\/\/www.union.fr\/wp-content\/uploads\/2018\/05\/000_14k9hd-3643181-300x168.jpg\" alt=\"\" width=\"300\" height=\"168\" \/><\/div>Cr\u00e9dit photo: flipboard.com<\/p>  <blockquote><p>On n&rsquo;est pas oblig\u00e9 de parler de sexualit\u00e9 quand on est nu<\/p><\/blockquote> <p>L&rsquo;association des naturistes de Paris ne compte pas en rester l\u00e0 ! Pour ceux et celles qui seraient tent\u00e9s par une exp\u00e9rience similaire, le samedi 12 mai, les naturistes se retrouveront pour le premier spectacle humoristique naturiste de Paris, \u00ab\u00a0J&rsquo;ai la langue qui fourche \u00ab\u00a0. Inutile de pr\u00e9ciser que Fred Brul\u00e9, com\u00e9dien fera son show nu ! D&rsquo;autres \u00e9v\u00e8nements ont \u00e9t\u00e9 mis en place: Bowling, le 3 mai et un pique-nique naturiste au bois de Vincennes le 24 juin. <strong>L&rsquo;enjeu de l&rsquo;association ?<\/strong> Banaliser la nudit\u00e9 qui est aujourd&rsquo;hui per\u00e7ue comme un acte sexuel.<\/p> <p>C\u00e9dric Amato, vice-pr\u00e9sident de L&rsquo;ANP parle de changement de mentalit\u00e9, en particulier dans la l\u00e9gislation ; pour l&rsquo;article 222-22 du code p\u00e9nal <strong>\u00ab\u00a0la nudit\u00e9 reconnue comme une exhibition sexuelle, condamne \u00e0 1 ans de prison et 15 000 euros d&rsquo;amende\u00a0\u00bb<\/strong>. C\u00e9dric s&rsquo;insurge : \u00ab\u00a0Les personnalit\u00e9s politiques doivent r\u00e9agir. Les nudistes se respectent et sont libres dans leur choix.\u00a0\u00bb<\/p> <p><a href=\"http:\/\/www.union.fr\/actus\/bois-de-vincennes-ouverture-dun-camp-naturiste-a-paris-176971.html\">\u00c0 LIRE AUSSI&gt;&gt;Bois de Vincennes : Ouverture d\u2019un camp naturiste \u00e0 Paris<\/a><\/p> ","protected":false},"excerpt":{"rendered":"<p>Ce samedi 5 mai, pr\u00e8s de 200 naturistes se sont pr\u00e9cipit\u00e9s tout nus dans le centre d\u2019art contemporain pour assister gratuitement \u00e0 l&rsquo;exposition \u00ab\u00a0Discorde, fille de nuit\u00a0\u00bb.<\/p>\n","protected":false},"author":10102,"featured_media":190350,"comment_status":"open","ping_status":"open","sticky":false,"template":"","format":"standard","meta":{"footnotes":""},"categories":[21,6,3,2],"tags":[3229,672,3230,545,763,546,3228,447,446],"class_list":["post-190339","post","type-post","status-publish","format-standard","has-post-thumbnail","hentry","category-a-voir-a-faire","category-actus","category-diaporama-accueil","category-mise-en-avant","tag-anp","tag-art","tag-contemporain","tag-musee","tag-naturiste","tag-nudite","tag-palais-de-tokyo","tag-paris","tag-sexualite"],"_links":{"self":[{"href":"https:\/\/www.union.fr\/wp-json\/wp\/v2\/posts\/190339","targetHints":{"allow":["GET"]}}],"collection":[{"href":"https:\/\/www.union.fr\/wp-json\/wp\/v2\/posts"}],"about":[{"href":"https:\/\/www.union.fr\/wp-json\/wp\/v2\/types\/post"}],"author":[{"embeddable":true,"href":"https:\/\/www.union.fr\/wp-json\/wp\/v2\/users\/10102"}],"replies":[{"embeddable":true,"href":"https:\/\/www.union.fr\/wp-json\/wp\/v2\/comments?post=190339"}],"version-history":[{"count":12,"href":"https:\/\/www.union.fr\/wp-json\/wp\/v2\/posts\/190339\/revisions"}],"predecessor-version":[{"id":190382,"href":"https:\/\/www.union.fr\/wp-json\/wp\/v2\/posts\/190339\/revisions\/190382"}],"wp:featuredmedia":[{"embeddable":true,"href":"https:\/\/www.union.fr\/wp-json\/wp\/v2\/media\/190350"}],"wp:attachment":[{"href":"https:\/\/www.union.fr\/wp-json\/wp\/v2\/media?parent=190339"}],"wp:term":[{"taxonomy":"category","embeddable":true,"href":"https:\/\/www.union.fr\/wp-json\/wp\/v2\/categories?post=190339"},{"taxonomy":"post_tag","embeddable":true,"href":"https:\/\/www.union.fr\/wp-json\/wp\/v2\/tags?post=190339"}],"curies":[{"name":"wp","href":"https:\/\/api.w.org\/{rel}","templated":true}]}}