{"id":190781,"date":"2020-06-19T18:30:56","date_gmt":"2020-06-19T16:30:56","guid":{"rendered":"http:\/\/www.union.fr\/?p=190781"},"modified":"2020-12-08T13:08:34","modified_gmt":"2020-12-08T11:08:34","slug":"toute-belle-amant%e2%80%89","status":"publish","type":"post","link":"https:\/\/www.union.fr\/recits\/toute-belle-amant%e2%80%89-190781.html","title":{"rendered":"Toute belle pour mon amant\u2009!"},"content":{"rendered":"<p class=\"p1\">Je m\u2019appelle Elsa, j\u2019ai 28\u00a0ans et je veux aujourd&rsquo;hui vous raconter mon <a href=\"http:\/\/union.fr\/recits\">histoire de sexe<\/a>. je suis mari\u00e9e depuis 3\u00a0ans avec No\u00e9, un coll\u00e8gue de bureau que j\u2019ai rencontr\u00e9 lors de mon premier emploi. Avec No\u00e9, cela a tout de suite \u00e9t\u00e9 le coup de foudre, on ne se quittait plus et nous passions le plus de temps possible ensemble. C\u2019est pour cela que nous nous sommes mari\u00e9s si rapidement, mais aujourd\u2019hui, j\u2019ai l\u2019impression que cette d\u00e9cision de s\u2019attacher l\u2019un \u00e0 l\u2019autre est arriv\u00e9e trop rapidement dans notre vie.<\/p> <p class=\"p2\">Nous \u00e9tions encore jeunes et avions tout \u00e0 d\u00e9couvrir, m\u00eame sexuellement. No\u00e9 et moi, cela fait quelques temps que nous ne faisons plus l\u2019amour. Je pense que les torts sont partag\u00e9s\u00a0: il y a le travail qui nous conduit l\u2019un et l\u2019autre dans un \u00e9puisement quotidien, ensuite, il y a l\u2019habitude d\u2019aller se coucher \u00e0 des heures diff\u00e9rentes et le besoin de conserver une certaine distance l\u2019un par rapport \u00e0 l\u2019autre. Bref, je voulais vous dire que cela ne me convient plus et que j\u2019ai d\u00e9cid\u00e9 d\u2019aller voir ailleurs. Cela ne s\u2019est pas fait du jour au lendemain, je ne voulais pas tromper No\u00e9 avec n\u2019importe qui. Alors, tranquillement, j\u2019ai laiss\u00e9 la vie s\u2019en charger et mettre quelqu\u2019un sur mon chemin. Et quelques mois plus tard, j\u2019ai rencontr\u00e9 un mec \u00e0 une terrasse d\u2019un caf\u00e9. Cela s\u2019est fait tout b\u00eatement, alors que je sortais du bureau \u00e0 cause d\u2019une panne informatique, me mettant au ch\u00f4mage technique forc\u00e9. Comme je ne voulais pas rentrer chez moi trop t\u00f4t, j\u2019ai d\u00e9cid\u00e9 de prendre un peu de temps pour moi, et d\u2019aller au bar d\u2019en face.<\/p> <p class=\"p1\">J\u2019ai command\u00e9 un caf\u00e9 cr\u00e8me et c\u2019est comme \u00e7a que je suis tomb\u00e9 sur Ludovic, un jeune homme qui travaillait en horaire d\u00e9cal\u00e9 et qui prenait lui aussi un caf\u00e9 avant d\u2019aller rejoindre son service de nuit, dans un h\u00f4tel. Je lui ai donn\u00e9 mon num\u00e9ro et nous avons fix\u00e9 un rendez-vous \u00e0 la maison, quelques jours plus tard.<\/p> <p class=\"p2\">J\u2019ai pris une journ\u00e9e de cong\u00e9, mais je n\u2019en ai pas touch\u00e9 un mot \u00e0 No\u00e9. Nous avions rendez-vous l\u2019apr\u00e8s-midi, et le matin, je me suis pr\u00e9par\u00e9e comme il fallait. Cela faisait longtemps que je ne m\u2019\u00e9tais pas autant appr\u00eat\u00e9e\u00a0; j\u2019avais pris un bain d\u2019une heure, avec du sel parfum\u00e9, j\u2019avais recouvert tout mon corps d\u2019un lait d\u00e9licat, j\u2019avais taill\u00e9 ma petite chatte pour que tous les poils aient la m\u00eame longueur. J\u2019ai mass\u00e9 mes seins avec un onguent sp\u00e9cial. Je me suis m\u00eame prise en photo une fois que mon \u00ab\u2009soin du corps\u2009\u00bb s\u2019est termin\u00e9 pour vous montrer le r\u00e9sultat\u2009! Je me trouve tr\u00e8s belle sur cette photo, je ne sais pas ce que vous en pensez. Ensuite, j\u2019ai attendu impatiemment sa venue en petite tenue sexy\u00a0: ma nuisette en soie dor\u00e9e. Celle que j\u2019avais achet\u00e9e il y a 5\u00a0ans et qui mettait encore parfaitement mes formes en valeur. Quand Ludovic est entr\u00e9 chez moi, j\u2019avoue avoir un peu paniqu\u00e9. Je ne savais pas du tout \u00e0 quoi m\u2019attendre, et surtout, ce que je devais faire. J\u2019ai m\u00eame failli lui demander de partir, un instant, pris d\u2019un fort sentiment de remord. Mais je n\u2019ai pas boug\u00e9. Je l\u2019ai laiss\u00e9 rentrer chez moi, nous avons parl\u00e9 quelques minutes sur mon canap\u00e9 avant de monter dans la chambre.<\/p> <p class=\"p1\">Nous avons bais\u00e9 dans le lit conjugal, bordel\u2009! Aujourd\u2019hui quand j\u2019y repense, j\u2019ai un peu honte, m\u00eame si j\u2019avais pris soin de laver les draps apr\u00e8s. C\u2019\u00e9tait une baise assez courte, assez rapide. Il m\u2019a avou\u00e9e qu\u2019il n\u2019avait pas beaucoup de temps \u00e0 m\u2019accorder lui non plus. Il \u00e9tait press\u00e9, il devait venir plus t\u00f4t au travail. Il a essuy\u00e9 sa queue encore pleine de foutre sur mes fesses et il est parti.<\/p> <p class=\"p2\">J\u2019\u00e9tais un peu d\u00e9\u00e7ue car j\u2019avais pris le temps pour d\u00e9buter mon adult\u00e8re avec lui, et je ne savais pas quand j\u2019allais en retrouver un aussi bien.<\/p> <p><strong>Si vous avez aim\u00e9 cette histoire, vous aimerez aussi\u2026<\/strong><\/p> <p><a href=\"http:\/\/www.union.fr\/recits\/mon-amant-enchante-mon-mari-13517.html\">Mon amant enchante mon mari<\/a><\/p> <p>\u00ab\u00a0Il me l\u00e9chait partout, les seins, les aisselles, les pieds, les cuisses, su\u00e7ait ma culotte, l&rsquo;endroit et l&rsquo;envers, mes poils tout coll\u00e9s de sperme&#8230; Il me d\u00e9vorait la chatte, faisant ma toilette avec sa langue jusqu&rsquo;au trou du cul pour bien r\u00e9cup\u00e9rer ce qui avait coul\u00e9 dans ma raie, il \u00e9tait tout excit\u00e9 ! Il me p\u00e9n\u00e9trait en me disant qu&rsquo;il m&rsquo;aimait et que je pouvais me faire sauter autant que j&rsquo;en avais envie.\u00a0\u00bb <strong>Nadine, 60 ans.<\/strong><\/p> <p><a href=\"http:\/\/www.union.fr\/recits\/mon-amante-a-20-ans-13563.html\">Mon amante a 20 ans<\/a><\/p> <p>\u00ab\u00a0J&rsquo;ai arrach\u00e9 son slip, j&rsquo;ai ouvert sa chatte en \u00e9cartant ses l\u00e8vres, d\u00e9couvrant un coquillage \u00e0 l&rsquo;odeur musqu\u00e9e. J&rsquo;ai tendu ma langue vers son clito et commenc\u00e9 \u00e0 le titiller. Au bout d&rsquo;une minute, elle m&rsquo;a suppli\u00e9 d&rsquo;arr\u00eater. Elle a achev\u00e9 son d\u00e9shabillage et s&rsquo;est retrouv\u00e9e bient\u00f4t toute nue sur le canap\u00e9. Moi, j&rsquo;ai retir\u00e9 mon T-shirt, je me suis allong\u00e9e sur elle et j&rsquo;ai frott\u00e9 ma chatte bien drue contre sa douce toison.\u00a0\u00bb <strong>Monique, 61 ans.<\/strong><\/p>  ","protected":false},"excerpt":{"rendered":"<p>Elsa, 28\u00a0ans.<\/p>\n","protected":false},"author":7,"featured_media":190873,"comment_status":"open","ping_status":"open","sticky":false,"template":"","format":"standard","meta":{"footnotes":""},"categories":[5,2,8],"tags":[909,112,109,108,441,2177,363,446,115],"class_list":["post-190781","post","type-post","status-publish","format-standard","has-post-thumbnail","hentry","category-menu_site","category-mise-en-avant","category-recits","tag-amant","tag-cunnilingus","tag-fellation","tag-jeune","tag-levrette","tag-penetration-vaginale","tag-sexe","tag-sexualite","tag-sodomie"],"_links":{"self":[{"href":"https:\/\/www.union.fr\/wp-json\/wp\/v2\/posts\/190781","targetHints":{"allow":["GET"]}}],"collection":[{"href":"https:\/\/www.union.fr\/wp-json\/wp\/v2\/posts"}],"about":[{"href":"https:\/\/www.union.fr\/wp-json\/wp\/v2\/types\/post"}],"author":[{"embeddable":true,"href":"https:\/\/www.union.fr\/wp-json\/wp\/v2\/users\/7"}],"replies":[{"embeddable":true,"href":"https:\/\/www.union.fr\/wp-json\/wp\/v2\/comments?post=190781"}],"version-history":[{"count":7,"href":"https:\/\/www.union.fr\/wp-json\/wp\/v2\/posts\/190781\/revisions"}],"predecessor-version":[{"id":338768,"href":"https:\/\/www.union.fr\/wp-json\/wp\/v2\/posts\/190781\/revisions\/338768"}],"wp:featuredmedia":[{"embeddable":true,"href":"https:\/\/www.union.fr\/wp-json\/wp\/v2\/media\/190873"}],"wp:attachment":[{"href":"https:\/\/www.union.fr\/wp-json\/wp\/v2\/media?parent=190781"}],"wp:term":[{"taxonomy":"category","embeddable":true,"href":"https:\/\/www.union.fr\/wp-json\/wp\/v2\/categories?post=190781"},{"taxonomy":"post_tag","embeddable":true,"href":"https:\/\/www.union.fr\/wp-json\/wp\/v2\/tags?post=190781"}],"curies":[{"name":"wp","href":"https:\/\/api.w.org\/{rel}","templated":true}]}}