{"id":192414,"date":"2018-06-11T16:56:36","date_gmt":"2018-06-11T15:56:36","guid":{"rendered":"http:\/\/www.union.fr\/?p=192414"},"modified":"2018-06-11T16:56:36","modified_gmt":"2018-06-11T15:56:36","slug":"le-penis-de-taille-normal-existe-t-il","status":"publish","type":"post","link":"https:\/\/www.union.fr\/actus\/buzz\/le-penis-de-taille-normal-existe-t-il-192414.html","title":{"rendered":"Le p\u00e9nis de taille \u00ab\u00a0normal\u00a0\u00bb existe-t-il ?"},"content":{"rendered":"<h1>La qu\u00eate du p\u00e9nis parfait<\/h1> <p><a href=\"http:\/\/www.union.fr\/wp-content\/uploads\/2018\/06\/gettyimages-134955216.jpg\"><div class=\"wrap-img\" id=\"wrap-img-192509\"><img loading=\"lazy\" decoding=\"async\" itemprop=\"thumbnailUrl\" class=\"size-medium wp-image-192509 aligncenter\" src=\"http:\/\/www.union.fr\/wp-content\/uploads\/2018\/06\/gettyimages-134955216-200x300.jpg\" alt=\"\" width=\"200\" height=\"300\" \/><\/div><\/a><\/p> <p>Avoir le sentiment d&rsquo;avoir un petit p\u00e9nis est une des craintes majeures pour 45% des hommes. La plupart d&rsquo;entre eux aimeraient avoir un p\u00e9nis plus gros. Pour comprendre ce complexe en dessous de la ceinture,\u00a0<em>British Journal of Urology International <\/em>a men\u00e9 une enqu\u00eate. Selon le Dr Oliver Gralla, sp\u00e9cialiste de la sant\u00e9 masculine \u00ab\u00a0<strong>il n&rsquo;existe peut-\u00eatre pas de p\u00e9nis \u00ab\u00a0normal\u00a0\u00bb, mais il existe un p\u00e9nis \u00ab\u00a0moyen<\/strong>\u00ab\u00a0.\u00a0 L&rsquo;\u00e9tude a r\u00e9v\u00e9l\u00e9 que les hommes n&rsquo;arrivent pas \u00e0 \u00e9valuer la taille de leur p\u00e9nis \u00e0 cause de l&rsquo;angle. En regardant d&rsquo;en haut, leur organe para\u00eet plus petit qu&rsquo;il est en r\u00e9alit\u00e9.<\/p> <p><strong>Mais qu&rsquo;est-ce qu&rsquo;un microp\u00e9nis ?<\/strong> Sachant que la moyenne d&rsquo;un p\u00e9nis en \u00e9rection \u00e0 l&rsquo;\u00e2ge adulte est de 13,1 centim\u00e8tres (5,2pouces), on parle de microp\u00e9nis quand c&rsquo;est en dessous de 7 centim\u00e8tres. Mais selon l&rsquo;\u00e9tude, seulement 5 hommes sur 100 ont un p\u00e9nis de moins de 10 centim\u00e8tres.<\/p> <h1 class=\"story-title entry-title\">La chirurgie esth\u00e9tique du p\u00e9nis gagne du terrain en France<\/h1>  <p><a href=\"http:\/\/www.union.fr\/wp-content\/uploads\/2018\/06\/gettyimages-535314156.jpg\"><div class=\"wrap-img\" id=\"wrap-img-192507\"><img loading=\"lazy\" decoding=\"async\" class=\"size-medium wp-image-192507 aligncenter\" src=\"http:\/\/www.union.fr\/wp-content\/uploads\/2018\/06\/gettyimages-535314156-300x201.jpg\" alt=\"\" width=\"300\" height=\"201\" \/><\/div><\/a><\/p>  <p>En France, le march\u00e9 de la p\u00e9noplastie prend de plus en plus d&rsquo;ampleur. Selon le recensement de 2016, plus de 8 400 hommes dont 513 en France auraient eu recours \u00e0 la chirurgie intime. Pour le Dr Gilbert Vitale, chirurgien plasticien, pr\u00e9sident de la\u00a0Soci\u00e9t\u00e9 fran\u00e7aise des chirurgiens esth\u00e9tiques plasticiens, \u00ab\u00a0les patients en demande de p\u00e9noplastie sont souvent victimes du <strong>\u00ab\u00a0syndrome du vestiaire\u00a0\u00bb<\/strong> quand\u00a0<strong>ils comparent leur p\u00e9nis \u00e0 celui du voisin<\/strong>.\u00a0\u00bb<\/p> <p>Pour ce chirurgien, ces patients veulent retrouver une vie sexuelle \u00e9panouie m\u00eame si 85% des femmes \u00e9taient satisfaites de la taille du p\u00e9nis de leur conjoint. Par son exp\u00e9rience, le Dr Gilbert Vitale r\u00e9v\u00e8le les interventions d\u00e9sir\u00e9es par les messieurs\u00a0: \u00ab\u00a0la circoncision esth\u00e9tique, la section du frein, le grossissement du gland (par injection d\u2019acide hyaluronique), la lipoaspiration abdominale coupl\u00e9e ou non \u00e0 celle du pubis ou encore le lifting des bourses, ou lifting scrotal.\u00a0\u00bb Mais<strong>\u00a0les op\u00e9rations \u00e0 forte demande <\/strong>restent l&rsquo;\u00e9largissement et l&rsquo;allongement du p\u00e9nis.<\/p> <p>La chirurgie esth\u00e9tique peut \u00eatre un moyen de\u00a0rendre une personne mieux dans sa peau et dans son corps. Un d\u00e9tail qui peut tout changer dans l&rsquo;image qu&rsquo;il a de soi. Mais il est possible que ce soit le r\u00e9sultat d&rsquo;un probl\u00e8me psychologique. Seule solution&#8230; consulter un psychologue avant d&rsquo;agir.<\/p> <p><a href=\"http:\/\/www.union.fr\/actus\/25-hommes-mecontents-de-taille-de-penis-177641.html\">\u00c0 LIRE AUSSI &gt;&gt;25% hommes m\u00e9contents de la taille de leur p\u00e9nis<\/a><\/p> ","protected":false},"excerpt":{"rendered":"<p>Depuis 2016, la chirurgie esth\u00e9tique du p\u00e9nis est en plein boom dans l&rsquo;hexagone. Et le plus souvent, les patients ne sont pas sp\u00e9cialement \u00ab\u00a0hors-normes \u00ab\u00a0. British Journal of Urology International a men\u00e9 une enqu\u00eate pour comprendre ce complexe en pleine expansion. <\/p>\n","protected":false},"author":10102,"featured_media":192515,"comment_status":"open","ping_status":"open","sticky":false,"template":"","format":"standard","meta":{"footnotes":""},"categories":[6,19,3,2],"tags":[3011,3492,1317,2706,3493,142,278,363,3494],"class_list":["post-192414","post","type-post","status-publish","format-standard","has-post-thumbnail","hentry","category-actus","category-buzz","category-diaporama-accueil","category-mise-en-avant","tag-chirurgie","tag-complexe","tag-france","tag-homme","tag-micropenis","tag-penis","tag-penoplastie","tag-sexe","tag-syndrome-du-vestiaire"],"_links":{"self":[{"href":"https:\/\/www.union.fr\/wp-json\/wp\/v2\/posts\/192414","targetHints":{"allow":["GET"]}}],"collection":[{"href":"https:\/\/www.union.fr\/wp-json\/wp\/v2\/posts"}],"about":[{"href":"https:\/\/www.union.fr\/wp-json\/wp\/v2\/types\/post"}],"author":[{"embeddable":true,"href":"https:\/\/www.union.fr\/wp-json\/wp\/v2\/users\/10102"}],"replies":[{"embeddable":true,"href":"https:\/\/www.union.fr\/wp-json\/wp\/v2\/comments?post=192414"}],"version-history":[{"count":3,"href":"https:\/\/www.union.fr\/wp-json\/wp\/v2\/posts\/192414\/revisions"}],"predecessor-version":[{"id":192514,"href":"https:\/\/www.union.fr\/wp-json\/wp\/v2\/posts\/192414\/revisions\/192514"}],"wp:featuredmedia":[{"embeddable":true,"href":"https:\/\/www.union.fr\/wp-json\/wp\/v2\/media\/192515"}],"wp:attachment":[{"href":"https:\/\/www.union.fr\/wp-json\/wp\/v2\/media?parent=192414"}],"wp:term":[{"taxonomy":"category","embeddable":true,"href":"https:\/\/www.union.fr\/wp-json\/wp\/v2\/categories?post=192414"},{"taxonomy":"post_tag","embeddable":true,"href":"https:\/\/www.union.fr\/wp-json\/wp\/v2\/tags?post=192414"}],"curies":[{"name":"wp","href":"https:\/\/api.w.org\/{rel}","templated":true}]}}