{"id":192795,"date":"2018-06-18T16:58:28","date_gmt":"2018-06-18T15:58:28","guid":{"rendered":"http:\/\/www.union.fr\/?p=192795"},"modified":"2020-02-13T17:23:12","modified_gmt":"2020-02-13T15:23:12","slug":"festival-film-de-fesses-grand-retour-paris","status":"publish","type":"post","link":"https:\/\/www.union.fr\/actus\/a-voir-a-faire\/festival-film-de-fesses-grand-retour-paris-192795.html","title":{"rendered":"Le festival du film de fesses fait son grand retour sur Paris"},"content":{"rendered":"<h1>Le Fesse-tival de Paris, un programme coquin \u00e0 savourer entre amis<\/h1> <p><a href=\"http:\/\/www.union.fr\/wp-content\/uploads\/2018\/06\/gettyimages-166271990.jpg\"><div class=\"wrap-img\" id=\"wrap-img-192801\"><img loading=\"lazy\" decoding=\"async\" itemprop=\"thumbnailUrl\" class=\"size-medium wp-image-192801 aligncenter\" src=\"http:\/\/www.union.fr\/wp-content\/uploads\/2018\/06\/gettyimages-166271990-300x200.jpg\" alt=\"\" width=\"300\" height=\"200\" \/><\/div><\/a><\/p> <p>La temp\u00e9rature va de nouveau grimper \u00e0 Paris du <strong>28 juin au 1er juillet<\/strong> lors du Festival du film de fesses qui revient pour une 5\u00e8me \u00e9dition toujours aussi culott\u00e9e !<\/p> <p>Pendant ces quatre jours, la diffusion des longs et des courts m\u00e9trages sur la sexualit\u00e9 dans les salles obscures &#8230;.l&rsquo;\u00e9rotisme<\/p> <p><strong>Au programme ? <\/strong>La r\u00e9trospective intitul\u00e9e \u00ab\u00a0Montre tes nippons\u00a0\u00bb compos\u00e9e d&rsquo;une vingtaine de films d\u00e9di\u00e9e au cin\u00e9ma \u00e9rotique japonais des ann\u00e9es 60 \u00e0 nos jours. Un focus consacr\u00e9 \u00e0 Tatsumi Kumashiro, le panorama contemporain et ses 7 longs\u2009m\u00e9trages choisis en collaboration avec des collectifs audacieux et imp\u00e9tueux tels que Polychrome ou <strong>\u00c0 genoux les gars<\/strong>, d&rsquo;Antoine Desroisi\u00e8res.<\/p> <p>Comme chaque ann\u00e9e, une petite trentaine de courts-m\u00e9trages pr\u00e9s\u00e9lectionn\u00e9s int\u00e8greront une comp\u00e9tition pour obtenir deux prix : la Fess\u00e9e du public et la Fess\u00e9e du jury.<\/p> <p><strong>Infos pratiques.<\/strong> Quatre cin\u00e9mas accueilleront la programmation du Festival du film de fesses :<\/p> <ul> <li><strong>Reflet m\u00e9dicis<\/strong>\u00a03 rue Champollion 75005 PARIS<\/li> <li><strong>La filmoth\u00e8que<\/strong>\u00a09 rue Champollion 75005 PARIS<\/li> <li><strong>Lieu secret<\/strong>\u00a07 Rue Francis de Pressens\u00e9 75014 PARIS<\/li> <li><strong>Les 3 Luxembourg<\/strong>\u00a067 Rue Monsieur le Prince 75006 PARIS<\/li> <\/ul> <p>Les prix varient entre 4 et 10 euros selon l&rsquo;\u00e2ge et le lieu.<\/p> <h1>Focus sur Tatsumi Kumashiro, le r\u00e9alisateur \u00e0 l&rsquo;honneur<\/h1> <p><a href=\"http:\/\/www.union.fr\/wp-content\/uploads\/2018\/06\/5321625.jpg-c_215_290_x-f_jpg-q_x-xxyxx.jpg\"><div class=\"wrap-img\" id=\"wrap-img-192802\"><img loading=\"lazy\" decoding=\"async\" class=\"size-full wp-image-192802 aligncenter\" src=\"http:\/\/www.union.fr\/wp-content\/uploads\/2018\/06\/5321625.jpg-c_215_290_x-f_jpg-q_x-xxyxx.jpg\" alt=\"\" width=\"215\" height=\"290\" \/><\/div><\/a><\/p> <p>\u00a0 \u00a0 \u00a0 \u00a0 \u00a0 \u00a0 \u00a0 \u00a0 \u00a0 \u00a0 \u00a0 \u00a0 \u00a0 \u00a0 \u00a0 \u00a0 \u00a0 \u00a0 \u00a0 \u00a0 \u00a0 \u00a0 \u00a0 \u00a0 \u00a0 \u00a0 Cr\u00e9dit photo: Allocin\u00e9<\/p> <p>Au menu de cette orgie cin\u00e9matographique, une r\u00e9trospection sur <strong>Tatsumi Kumashiro<\/strong>, r\u00e9alisation Japonais de films \u00e9rotiques. Dans le label <strong>Roman Porno<\/strong> cr\u00e9e en 1971, il tournera environ douze films dont certains figurent au festival. Libertaire, f\u00e9ministe et anti-autoritaire, le cin\u00e9aste a \u00e9t\u00e9 le premier Japonais \u00e0 avoir su d\u00e9crire dans un univers \u00e9rotique, les relations humaines. Ces protagonistes f\u00e9minines libres et modernes se r\u00e9approprient leurs d\u00e9sirs et se laissent emporter dans leurs pulsions.<\/p> <p>Durant ces quatre jours fesse-toyez, fantasmer et cr\u00e9er des souvenirs entre amis<\/p> <p><a href=\"http:\/\/www.union.fr\/actus\/les-breves\/a-voir-a-faire\/a-genoux-les-gars-nouveau-long-metrage-qui-allie-sensualite-et-desirs-charnels-189754.html\">\u00c0 LIRE AUSSI &gt;&gt;A genoux les gars: nouveau long-m\u00e9trage sur le sexe en banlieue<\/a><\/p> ","protected":false},"excerpt":{"rendered":"<p>Etes-vous pr\u00eats \u00e0 passer quatre jours orgasmiques ?<\/p>\n","protected":false},"author":10102,"featured_media":192800,"comment_status":"open","ping_status":"open","sticky":false,"template":"","format":"standard","meta":{"footnotes":""},"categories":[21,6,3,2,5960],"tags":[3156,1066,3523,3529,322,3105,3525,3527,3528,569,2927,159,809,447,3526,3530,446,3524],"class_list":["post-192795","post","type-post","status-publish","format-standard","has-post-thumbnail","hentry","category-a-voir-a-faire","category-actus","category-diaporama-accueil","category-mise-en-avant","category-sexualite-feministe","tag-a-genoux-les-gars","tag-amis","tag-antoine-desroisieres","tag-convivialite","tag-couple","tag-fesse","tag-fesse-tivite","tag-la-filmotheque","tag-les-3-luxembourg","tag-libertin","tag-lieu-secret","tag-masturbation","tag-orgasme","tag-paris","tag-reflet-medicis","tag-roman-porno","tag-sexualite","tag-tatsumi-kumashiro"],"_links":{"self":[{"href":"https:\/\/www.union.fr\/wp-json\/wp\/v2\/posts\/192795","targetHints":{"allow":["GET"]}}],"collection":[{"href":"https:\/\/www.union.fr\/wp-json\/wp\/v2\/posts"}],"about":[{"href":"https:\/\/www.union.fr\/wp-json\/wp\/v2\/types\/post"}],"author":[{"embeddable":true,"href":"https:\/\/www.union.fr\/wp-json\/wp\/v2\/users\/10102"}],"replies":[{"embeddable":true,"href":"https:\/\/www.union.fr\/wp-json\/wp\/v2\/comments?post=192795"}],"version-history":[{"count":6,"href":"https:\/\/www.union.fr\/wp-json\/wp\/v2\/posts\/192795\/revisions"}],"predecessor-version":[{"id":192806,"href":"https:\/\/www.union.fr\/wp-json\/wp\/v2\/posts\/192795\/revisions\/192806"}],"wp:featuredmedia":[{"embeddable":true,"href":"https:\/\/www.union.fr\/wp-json\/wp\/v2\/media\/192800"}],"wp:attachment":[{"href":"https:\/\/www.union.fr\/wp-json\/wp\/v2\/media?parent=192795"}],"wp:term":[{"taxonomy":"category","embeddable":true,"href":"https:\/\/www.union.fr\/wp-json\/wp\/v2\/categories?post=192795"},{"taxonomy":"post_tag","embeddable":true,"href":"https:\/\/www.union.fr\/wp-json\/wp\/v2\/tags?post=192795"}],"curies":[{"name":"wp","href":"https:\/\/api.w.org\/{rel}","templated":true}]}}