{"id":270425,"date":"2018-09-27T11:30:38","date_gmt":"2018-09-27T09:30:38","guid":{"rendered":"http:\/\/www.union.fr\/?p=270425"},"modified":"2018-09-27T11:25:08","modified_gmt":"2018-09-27T09:25:08","slug":"netflix-prepare-serie-francaise-tres-portee-sexe","status":"publish","type":"post","link":"https:\/\/www.union.fr\/actus\/netflix-prepare-serie-francaise-tres-portee-sexe-270425.html","title":{"rendered":"\u00ab\u00a0Osmosis\u00a0\u00bb, la s\u00e9rie Netflix autour de la rencontre et de la sexualit\u00e9"},"content":{"rendered":"<p><em>Osmosis<\/em>, tel est le nom de cette deuxi\u00e8me s\u00e9rie originale fran\u00e7aise sign\u00e9e Netflix. Elle comptera 8 \u00e9pisodes et bien \u00e9videmment, elle sera uniquement accessible aux abonn\u00e9s.<\/p> <h2>L&rsquo;application ultime de rencontres<\/h2> <p>Il s&rsquo;agit de Science Fiction d'\u00a0\u00bbanticipation\u00a0\u00bb et de l&rsquo;adaptation\u00a0<a href=\"http:\/\/biiinge.konbini.com\/series\/osmosis-serie-amour-hasard\/\" target=\"_blank\" rel=\"noopener\">d&rsquo;une Web-s\u00e9rie,\u00a0<em>Osmosis<\/em><\/a>, diffus\u00e9e en 2015 sur Arte Creative, qu&rsquo;on ne peut d\u2019ailleurs plus la visionner. Elle s&rsquo;\u00e9tait fait remarquer en <strong>abordant les enjeux technologiques li\u00e9s \u00e0 l&rsquo;amour des d\u00e9cennies \u00e0 venir<\/strong>.<\/p> <p>En suivant le m\u00eame \u00ab\u00a0<a href=\"https:\/\/fr.wiktionary.org\/wiki\/canevas\">canevas<\/a>\u00a0\u00bb narratif, situ\u00e9 dans un futur proche, <strong><a href=\"http:\/\/www.ozap.com\/actu\/-osmosis-netflix-lance-sa-deuxieme-serie-francaise\/526519\"><em>Osmosis<\/em><\/a>,\u00a0un site de rencontres \u00e0 r\u00e9alit\u00e9 augment\u00e9e, vous trouve \u00e0 tous les coups le partenaire id\u00e9al. <\/strong>Mais derri\u00e8re cette promesse, il y a bien s\u00fbr un prix \u00e0 payer, celui de la perte de notre droit \u00e0 une vie priv\u00e9e, et d&rsquo;autres enjeux encore&#8230;<strong>\u00a0<\/strong>Enti\u00e8rement tourn\u00e9e en France,\u00a0la saison 1\u00a0(dont les huit \u00e9pisodes de sont en cours de tournage) ne se contentera pas de <strong>parler desexe<\/strong> mais devrait tout de m\u00eame <strong>comporter des sc\u00e8nes assez torrides<\/strong>, \u00e0 en croire\u00a0BFMTV.<\/p> <p>D\u00e9m\u00ealer le vrai du faux n&rsquo;est pas \u00e9vident si l&rsquo;on en juge la r\u00e9action un brin humoristique de l&rsquo;acteur Hugo Becker pour d\u00e9mentir les informations de\u00a0<a href=\"http:\/\/www.ozap.com\/compagnie\/bfmtv_e458028\">BFMTV,<\/a>\u00a0sur le sc\u00e9nario d'\u00a0\u00bb<em>Osmosis<\/em>\u00a0\u00bb et son c\u00f4t\u00e9 \u00ab\u00a0<strong>hot<\/strong>\u00a0\u00bb prononc\u00e9.<\/p> <blockquote class=\"twitter-tweet\" data-width=\"500\" data-dnt=\"true\"> <p>&#8230; on a pas du tout re\u00e7u le m\u00eame pitch ! \ud83d\ude02 H\u00e2te cependant de vous faire d\u00e9couvrir ce projet Netflix de science-fiction pour le moment secret, et dont les informations publiques sont souvent inexactes ;)) <a href=\"https:\/\/t.co\/rOGrYZNRjG\">https:\/\/t.co\/rOGrYZNRjG<\/a><\/p> <p>&mdash; hugo becker (@Hug0Becker) <a href=\"https:\/\/x.com\/Hug0Becker\/status\/1044570562222321665?ref_src=twsrc%5Etfw\">September 25, 2018<\/a><\/p><\/blockquote> <p><script async src=\"https:\/\/platform.x.com\/widgets.js\" charset=\"utf-8\"><\/script><\/p> <h2>S\u00e9duire le vieux continent<\/h2> <p>C\u2019est donc une nouvelle pierre qui va s\u2019ajouter \u00e0 la strat\u00e9gie de d\u00e9veloppement de Netflix pour le Vieux Continent. En 5 ans, le g\u00e9ant Am\u00e9ricain de la plateforme VoD a investi\u00a0<a href=\"http:\/\/C%E2%80%99est%20donc%20une%20nouvelle%20pierre%20qui%20va%20s%E2%80%99ajouter%20%C3%A0%20la%20strat%C3%A9gie%20de%20d%C3%A9veloppement%20de%20Netflix%20pour%20le%20Vieux%20Continent.%20En%205%20ans,%20l%E2%80%99Am%C3%A9ricain%20aura%20investi%201,75%20milliards%20de%20dollars%20dans%20des%20productions%20europeenes.\/\" target=\"_blank\" rel=\"noopener\">1,75 milliards de dollars dans des productions europ\u00e9ennes.<\/a><\/p> <div class=\"article__bloc article__bloc--text\"> <p><em>Osmosis<\/em>\u00a0n&rsquo;est pas la seule s\u00e9rie fran\u00e7aise dans les tuyaux chez Netflix, comme l&rsquo;a expliqu\u00e9\u00a0Erik Barmack, vice-pr\u00e9sident des International Originals Netflix dans un communiqu\u00e9 de presse :<\/p> <blockquote><p>Nous sommes heureux de proposer toujours plus de contenus europ\u00e9ens, avec prochainement 6 nouvelles s\u00e9ries originales, parmi lesquelles\u00a0<em>Osmosis<\/em>\u00a0repr\u00e9sente <strong>la \u00ab\u00a0<em>French touch\u00a0\u00bb<\/em>.<\/strong>Et ce ne sera pas la seule, car de nouveaux projets fran\u00e7ais sont actuellement en cours.<\/p><\/blockquote> <\/div>  <p><strong>A lire aussi &gt;&gt; <\/strong><a href=\"http:\/\/www.union.fr\/actus\/guillaume-canet-souvenirs-dado-classes-x-269986.html#post-269986\">Guillaume Canet : ses souvenirs d&rsquo;ado class\u00e9s x<\/a><\/p> <p><em>(Image \u00e0 la une : Netflix)<\/em><\/p> ","protected":false},"excerpt":{"rendered":"<p>Netflix\u00a0d\u00e9voilera en 2019 la premi\u00e8re saison d&rsquo;Osmosis, une s\u00e9rie originale fran\u00e7aise qui devrait s&rsquo;articuler autour de la sexualit\u00e9 et de la place qu&rsquo;occupera la technologie dans nos vies ces prochaines d\u00e9cennies.<\/p>\n","protected":false},"author":7,"featured_media":270442,"comment_status":"open","ping_status":"open","sticky":false,"template":"","format":"standard","meta":{"footnotes":""},"categories":[6,3,5],"tags":[2032,4277,3457,2829,2336,3175,524],"class_list":["post-270425","post","type-post","status-publish","format-standard","has-post-thumbnail","hentry","category-actus","category-diaporama-accueil","category-menu_site","tag-netflix","tag-parler-de-sexe","tag-partenaire","tag-serie","tag-sexo","tag-torride","tag-vod"],"_links":{"self":[{"href":"https:\/\/www.union.fr\/wp-json\/wp\/v2\/posts\/270425","targetHints":{"allow":["GET"]}}],"collection":[{"href":"https:\/\/www.union.fr\/wp-json\/wp\/v2\/posts"}],"about":[{"href":"https:\/\/www.union.fr\/wp-json\/wp\/v2\/types\/post"}],"author":[{"embeddable":true,"href":"https:\/\/www.union.fr\/wp-json\/wp\/v2\/users\/7"}],"replies":[{"embeddable":true,"href":"https:\/\/www.union.fr\/wp-json\/wp\/v2\/comments?post=270425"}],"version-history":[{"count":7,"href":"https:\/\/www.union.fr\/wp-json\/wp\/v2\/posts\/270425\/revisions"}],"predecessor-version":[{"id":270455,"href":"https:\/\/www.union.fr\/wp-json\/wp\/v2\/posts\/270425\/revisions\/270455"}],"wp:featuredmedia":[{"embeddable":true,"href":"https:\/\/www.union.fr\/wp-json\/wp\/v2\/media\/270442"}],"wp:attachment":[{"href":"https:\/\/www.union.fr\/wp-json\/wp\/v2\/media?parent=270425"}],"wp:term":[{"taxonomy":"category","embeddable":true,"href":"https:\/\/www.union.fr\/wp-json\/wp\/v2\/categories?post=270425"},{"taxonomy":"post_tag","embeddable":true,"href":"https:\/\/www.union.fr\/wp-json\/wp\/v2\/tags?post=270425"}],"curies":[{"name":"wp","href":"https:\/\/api.w.org\/{rel}","templated":true}]}}