{"id":275272,"date":"2018-12-10T17:48:10","date_gmt":"2018-12-10T15:48:10","guid":{"rendered":"http:\/\/www.union.fr\/?p=275272"},"modified":"2018-12-10T20:27:21","modified_gmt":"2018-12-10T18:27:21","slug":"275272","status":"publish","type":"post","link":"https:\/\/www.union.fr\/actus\/275272-275272.html","title":{"rendered":"Un lutteur gay combat les suicides dans la communaut\u00e9 LGBTI !"},"content":{"rendered":"<p>Habitant de Perth en Australie, David Marshall est un lutteur gay.<br \/> Ce jeune homme de 29 ans s&rsquo;est confi\u00e9 \u00e0 nos confr\u00e8res de <em>Gay Star News, <\/em>affirmant \u00eatre passionn\u00e9 par les sports de combat depuis tout petit : <strong><em>\u00ab\u00a0C\u2019est comme regarder des super-h\u00e9ros dans la vie r\u00e9elle.\u201d<\/em><\/strong><\/p> <p>Aujourd\u2019hui sous contrat, son r\u00eave de devenir lutteur a port\u00e9 ses fruits : <em>\u201cMon personnage de catch est une version beaucoup plus arrogante et agressive de moi-m\u00eame\u201d<\/em> avoue t\u2019il.<br \/> Il a d\u00e9but\u00e9 sa carri\u00e8re en \u00ab\u00a0catch\u00a0\u00bb en 2015, \u00e0 l&rsquo;\u00e2ge de 26 ans. Avant \u00e7a, il \u00e9tait dans la vente.<\/p> <h2><strong>Gay et catcheur <\/strong><\/h2> <p><a href=\"http:\/\/www.union.fr\/wp-content\/uploads\/2018\/12\/capture-decran-2018-12-10-a-16.45.54.png\"><div class=\"wrap-img\" id=\"wrap-img-275288\"><img loading=\"lazy\" decoding=\"async\" itemprop=\"thumbnailUrl\" class=\"wp-image-275288 aligncenter\" src=\"http:\/\/www.union.fr\/wp-content\/uploads\/2018\/12\/capture-decran-2018-12-10-a-16.45.54.png\" alt=\"\" width=\"760\" height=\"490\" \/><\/div><\/a><\/p> <p>Son <strong>\u00ab\u00a0coming out\u00a0\u00bb,<\/strong> David l\u2019a fait peu de temps apr\u00e8s avoir commenc\u00e9 la lutte. Un \u00e9v\u00e9nement marquant qu\u2019il n\u2019a jamais voulu cacher \u00e0 ses co\u00e9quipiers.<\/p> <blockquote><p><em>Mes premiers mecs je les ai rencontr\u00e9 au lyc\u00e9e mais je me cachais. Il fallait que \u00e7a reste secret.<\/em><\/p><\/blockquote> <p>Il faut dire qu&rsquo;en grandissant il avait peu confiance en lui. Il a commenc\u00e9 par alterner les relations h\u00e9t\u00e9rosexuelles, dont la derni\u00e8re en date a commenc\u00e9 \u00e0 leur 18 ans et a dur\u00e9 7 ans (dans le d\u00e9ni) :<\/p> <p><em>\u00ab\u00a0\u00c0 23 ans je lui ai annonc\u00e9 ma bisexualit\u00e9, ce \u00e0 quoi elle a r\u00e9pondu que tant que je l\u2019aimais, elle s\u2019en fichait.\u00a0\u00bb<\/em><br \/> Mais \u00e0 25 ans, la situation lui \u00e9tait devenue insupportable. Il lui a avou\u00e9 simplement son homosexualit\u00e9 avant de rompre !<\/p> <p>Ils n&rsquo;en sont pas moins rest\u00e9s amis. Et puis il entama sa carri\u00e8re de sportif de haut niveau. M\u00eame si le milieu du sport est r\u00e9put\u00e9 intol\u00e9rant, David Marshall reconna\u00eet n\u2019avoir jamais \u00e9t\u00e9 victime d\u2019homophobie :<\/p> <p><em>\u00ab\u00a0Tout le monde a \u00e9t\u00e9 tr\u00e8s bienveillant avec moi et leur regard \u00e0 mon \u00e9gard n\u2019a jamais chang\u00e9\u201d<\/em> confesse le jeune homme. \u00c0 son tour, David Marshall a publi\u00e9 une photo sur son compte Instagram l\u00e9gend\u00e9 d&rsquo;un message d&rsquo;encouragement pour que tous s&rsquo;acceptent et s&rsquo;assument tel qu&rsquo;ils sont.<\/p> <p><a href=\"http:\/\/www.union.fr\/wp-content\/uploads\/2018\/12\/capture-decran-2018-12-10-a-17.39.29.png\"><div class=\"wrap-img\" id=\"wrap-img-275300\"><img loading=\"lazy\" decoding=\"async\" class=\"wp-image-275300 aligncenter\" src=\"http:\/\/www.union.fr\/wp-content\/uploads\/2018\/12\/capture-decran-2018-12-10-a-17.39.29.png\" alt=\"\" width=\"768\" height=\"490\" \/><\/div><\/a><\/p> <h2><\/h2> <h2><strong>Le porno par convictions\u00a0<\/strong><\/h2> <p>En tant que lutteur gay, David parle ouvertement de la fa\u00e7on dont il utilise <a href=\"https:\/\/www.letagparfait.com\/fr\/2017\/08\/01\/onlyfans-le-reseau-social-qui-rend-les-actrices-creatives-et-independantes\/\">OnlyFans<\/a> (r\u00e9seau social qui s\u2019adresse aux personnalit\u00e9s du milieu x et \u00e0 leur fan base) pour contribuer \u00e0 la pr\u00e9vention du suicide dans la communaut\u00e9 LGBTI. Sur cette plateforme accessible uniquement sur abonnement, il commence \u00e0 proposer des vid\u00e9os amateur tr\u00e8s coquines et r\u00e9colte rapidement pas moins de 5.000 $.<\/p> <p>Mais <strong>cet argent, le jeune homme va en faire don \u00e0 l\u2019association <em>Beyond Blue<\/em> qui fait de la pr\u00e9vention contre le suicide chez les jeunes LGBT :<br \/> <\/strong><\/p> <p><em>\u201cJe vois au quotidien \u00e0 quel point la d\u00e9pression et l\u2019anxi\u00e9t\u00e9 sont devenues presque n\u00e9glig\u00e9es dans la soci\u00e9t\u00e9.\u201d explique David. \u201cMon p\u00e8re s\u2019est suicid\u00e9 l\u2019ann\u00e9e derni\u00e8re. C\u2019est aussi pour lui que je fais tout \u00e7a\u201d.<\/em><\/p> <p>On sait que le taux de suicide chez les LGBT en particulier chez les jeunes est alarmant. Les ados LGBTI ou en questionnement sur leur orientation sexuelle ont tendance \u00e0 avoir des pens\u00e9es suicidaires :<br \/> <strong><em>\u00ab\u00a040% des jeunes r\u00e9pertori\u00e9s parmi les minorit\u00e9s sexuelles avouent avoir d\u00e9j\u00e0 envisag\u00e9 le suicide<\/em>,<em> contre 15% dans le groupe des h\u00e9t\u00e9rosexuels\u00a0\u00bb<\/em><\/strong>, d\u00e9crivent des chercheurs am\u00e9ricains de l\u2019Universit\u00e9 de Californie.<\/p> <p>Nul doute que cette initiative va dans le bon sens.<\/p>  <p>\u00c0 lire aussi &gt;&gt; <a href=\"http:\/\/www.union.fr\/actus\/272523-272523.html\">Un acteur porno gay \u00ab\u00a0s\u2019envoie en l\u2019air\u00a0\u00bb avec un steward en plein vol !<\/a><\/p> <p><a href=\"http:\/\/www.union.fr\/actus\/272523-272523.html\"><div class=\"wrap-img\" id=\"wrap-img-272530\"><img loading=\"lazy\" decoding=\"async\" class=\"wp-image-272530 alignleft\" src=\"http:\/\/www.union.fr\/wp-content\/uploads\/2018\/10\/capture-decran-2018-10-24-a-19.03.45.png\" alt=\"\" width=\"317\" height=\"184\" \/><\/div><\/a><\/p>  ","protected":false},"excerpt":{"rendered":"<p>Mettant sa plastique au service de la lutte contre le suicide des LGBT, le jeune lutteur gay David Marshall combat pour d\u00e9fendre ses convictions !<\/p>\n","protected":false},"author":7,"featured_media":275304,"comment_status":"open","ping_status":"open","sticky":false,"template":"","format":"standard","meta":{"footnotes":""},"categories":[6,19,3,185,44,5,2],"tags":[5034,968,321,204,5033,5035,486,1169,1713],"class_list":["post-275272","post","type-post","status-publish","format-standard","has-post-thumbnail","hentry","category-actus","category-buzz","category-diaporama-accueil","category-hommes","category-la-sexualite-a-travers-le-monde","category-menu_site","category-mise-en-avant","tag-abonnement","tag-coming-out","tag-gay","tag-jeunes","tag-lgbti","tag-lutteur","tag-prevention","tag-sportif","tag-suicide"],"_links":{"self":[{"href":"https:\/\/www.union.fr\/wp-json\/wp\/v2\/posts\/275272","targetHints":{"allow":["GET"]}}],"collection":[{"href":"https:\/\/www.union.fr\/wp-json\/wp\/v2\/posts"}],"about":[{"href":"https:\/\/www.union.fr\/wp-json\/wp\/v2\/types\/post"}],"author":[{"embeddable":true,"href":"https:\/\/www.union.fr\/wp-json\/wp\/v2\/users\/7"}],"replies":[{"embeddable":true,"href":"https:\/\/www.union.fr\/wp-json\/wp\/v2\/comments?post=275272"}],"version-history":[{"count":1,"href":"https:\/\/www.union.fr\/wp-json\/wp\/v2\/posts\/275272\/revisions"}],"predecessor-version":[{"id":275302,"href":"https:\/\/www.union.fr\/wp-json\/wp\/v2\/posts\/275272\/revisions\/275302"}],"wp:featuredmedia":[{"embeddable":true,"href":"https:\/\/www.union.fr\/wp-json\/wp\/v2\/media\/275304"}],"wp:attachment":[{"href":"https:\/\/www.union.fr\/wp-json\/wp\/v2\/media?parent=275272"}],"wp:term":[{"taxonomy":"category","embeddable":true,"href":"https:\/\/www.union.fr\/wp-json\/wp\/v2\/categories?post=275272"},{"taxonomy":"post_tag","embeddable":true,"href":"https:\/\/www.union.fr\/wp-json\/wp\/v2\/tags?post=275272"}],"curies":[{"name":"wp","href":"https:\/\/api.w.org\/{rel}","templated":true}]}}