{"id":281788,"date":"2019-02-27T15:54:26","date_gmt":"2019-02-27T13:54:26","guid":{"rendered":"http:\/\/www.union.fr\/?p=281788"},"modified":"2020-02-13T17:19:09","modified_gmt":"2020-02-13T15:19:09","slug":"clitos-plein-rues","status":"publish","type":"post","link":"https:\/\/www.union.fr\/actus\/sexualite-feministe\/clitos-plein-rues-281788.html","title":{"rendered":"Le Gang du Clito prend les rues d&rsquo;assaut !"},"content":{"rendered":"<p>\u00c0 l&rsquo;occasion de la\u00a0<strong>\u00a0Journ\u00e9e Internationale des droits des Femmes <\/strong>qui aura lieu le 8 mars\u00a0prochain, <strong>le Gang du Clito<\/strong> se lance dans une campagne de street art participative et f\u00e9ministe.<\/p> <h2>\u00ab\u00a0It&rsquo;s not a bretzel\u00a0\u00bb bien plus qu&rsquo;une campagne de street art<\/h2> <p>C&rsquo;est Julia Pietri, activiste f\u00e9ministe et cr\u00e9atrice du compte Instagram\u00a0<strong><a href=\"https:\/\/www.instagram.com\/gangduclito\/\">Gang du clito<\/a><\/strong>\u00a0qui est \u00e0 l&rsquo;origine de la campagne sauvage\u00a0<strong><a href=\"http:\/\/www.itsnotabretzel.com\/revolution.html\">It&rsquo;s not a bretzel<\/a>.<\/strong> Elle se pr\u00e9sente sous forme d\u2019affiches color\u00e9es, jouant sur la forme unique \u00e9trange du clitoris.\u00a0Afin de souligner le fait que beaucoup de personnes ne savent pas \u00e0 quoi il ressemble, les affiches sont affubl\u00e9es de phrases comme\u00a0<em>\u00ab\u00a0It\u2019s not a bretzel\u00a0\u00bb<\/em>, <em>\u00ab\u00a0It\u2019s not an alien\u00a0\u00bb<\/em>, ou encore <em>\u00ab\u00a0It\u2019s not a\u00a0legend\u00a0\u00bb.\u00a0<\/em><\/p> <p><strong>L&rsquo;objectif \u00a0?<\/strong> <em>\u201cEnvahir nos rues de clitoris\u201d<\/em>, explique sa cr\u00e9atrice. Une fa\u00e7on de d\u00e9noncer avec humour <strong>l&rsquo;ignorance qui r\u00e8gne autour de l&rsquo;organe f\u00e9minin du plaisir.<\/strong><\/p> <p><div class=\"wrap-img\" id=\"wrap-img-281813\"><img loading=\"lazy\" decoding=\"async\" itemprop=\"thumbnailUrl\" class=\"alignleft wp-image-281813 size-medium\" src=\"http:\/\/www.union.fr\/wp-content\/uploads\/2019\/02\/capture-decran-2019-02-27-a-11.32.08-300x300.png\" alt=\"Gang du clito - Union\" width=\"300\" height=\"300\" \/><\/div><\/p>  <h2><\/h2> <h2><\/h2> <h2><\/h2>   <p><div class=\"wrap-img\" id=\"wrap-img-281815\"><img loading=\"lazy\" decoding=\"async\" class=\"wp-image-281815 size-medium\" src=\"http:\/\/www.union.fr\/wp-content\/uploads\/2019\/02\/capture-decran-2019-02-27-a-11.32.18-300x300.png\" alt=\"Gang du clito - Union\" width=\"300\" height=\"300\" \/><\/div><\/p> <h2>Encourager la fin de \u00ab\u00a0l&rsquo;analphab\u00e9tisme sexuel\u00a0\u00bb<\/h2> <p>Selon un <a href=\"http:\/\/www.haut-conseil-egalite.gouv.fr\/IMG\/pdf\/hce_rapport_education_a_la_sexualite_2016_06_15-4.pdf\">Rapport relatif \u00e0 l&rsquo;\u00e9ducation \u00e0 la sexualit\u00e9<\/a> r\u00e9alis\u00e9 en 2016 par le Haut conseil \u00e0 l&rsquo;\u00c9galit\u00e9 fran\u00e7ais :<em> \u00ab\u00a0Les jeunes, et en particulier les filles, m\u00e9connaissent leur corps, et le plaisir f\u00e9minin reste tabou :\u00a084 % des filles de 13 ans ne savent pas comment repr\u00e9senter leur sexe alors qu\u2019elles sont 53 %\u00a0\u00e0 savoir repr\u00e9senter le sexe masculin, et une fille de 15 ans sur quatre ne sait pas qu\u2019elle a un\u00a0clitoris\u00a0\u00bb.\u00a0<\/em><\/p> <p><em>It\u2019s not a bretzel<\/em><span class=\"apple-converted-space\" >\u00a0<\/span>veut que cette ignorance cesse pour\u00a0<strong>lib\u00e9rer la sexualit\u00e9 des femmes.<\/strong> Apr\u00e8s tout il n&rsquo;y a\u00a0pas de raison pour qu&rsquo;elle reste reste dans l\u2019ombre.<\/p> <p>\u201c<em>Pr\u00f4nons la fin de l\u2019analphab\u00e9tisme sexuel. Le clitoris est le symbole universel de la f\u00e9minit\u00e9. Pourtant, il est autant mutil\u00e9 qu\u2019oubli\u00e9. D\u00e9mocratisons le savoir pour toutes les femmes, pour toutes les jeunes filles qui arrivent derri\u00e8re nous et pour tous les hommes qui nous aiment<\/em>\u201d, plaide la cr\u00e9atrice.<\/p> <p>Si ce n&rsquo;est pas encore fait, vous devriez bient\u00f4t tomber sur les affiches de clito en vous baladant dans une <strong>cinquantaine de villes fran\u00e7aises.<\/strong> Le mouvement devrait \u00e9galement suivre en Espagne, en Suisse et en Belgique.<\/p> <p>Le Gang du Clito encourage\u00a0toutes les personnes qui soutiennent le mouvement <strong>\u00e0 se procurer les affiches et \u00e0 les placarder un peu partout.<\/strong> Pour Julia Pietri : <strong><em>\u00ab\u00a0Transmettre, c&rsquo;est militer.\u00a0\u00bb<\/em><\/strong><\/p> <p>(Photo \u00e0 la une : <a href=\"https:\/\/www.instagram.com\/itsnotabretzel\/\"><em>@itsnotabretzel<\/em><\/a>)<\/p> <p><strong>\u00c0 lire aussi&#8230;<\/strong><\/p> <p><a href=\"http:\/\/www.union.fr\/sexo\/comprendre-sa-sexualite\/sexualite-feminine\/clitoris-cest-ca-156691.html\">Le clitoris, c&rsquo;est tout \u00e7a !<\/a><\/p> <p><a href=\"http:\/\/www.union.fr\/actus\/grand-format\/education-sexuelle-clitoris-enfin-correctement-represente-168383.html\">\u00c9ducation sexuelle : le clitoris enfin correctement repr\u00e9sent\u00e9 !<\/a><\/p> ","protected":false},"excerpt":{"rendered":"<p>Quoi de mieux pour faire connaitre l&rsquo;existence du clitoris que de l&rsquo;afficher en grand dans les rues ? <\/p>\n","protected":false},"author":11110,"featured_media":281805,"comment_status":"open","ping_status":"open","sticky":false,"template":"","format":"standard","meta":{"footnotes":""},"categories":[6,3,5,5960],"tags":[630,5284,5285,1297],"class_list":["post-281788","post","type-post","status-publish","format-standard","has-post-thumbnail","hentry","category-actus","category-diaporama-accueil","category-menu_site","category-sexualite-feministe","tag-clitoris","tag-gang-du-clito","tag-journee-internationale-des-droits-des-femmes","tag-street-art"],"_links":{"self":[{"href":"https:\/\/www.union.fr\/wp-json\/wp\/v2\/posts\/281788","targetHints":{"allow":["GET"]}}],"collection":[{"href":"https:\/\/www.union.fr\/wp-json\/wp\/v2\/posts"}],"about":[{"href":"https:\/\/www.union.fr\/wp-json\/wp\/v2\/types\/post"}],"author":[{"embeddable":true,"href":"https:\/\/www.union.fr\/wp-json\/wp\/v2\/users\/11110"}],"replies":[{"embeddable":true,"href":"https:\/\/www.union.fr\/wp-json\/wp\/v2\/comments?post=281788"}],"version-history":[{"count":9,"href":"https:\/\/www.union.fr\/wp-json\/wp\/v2\/posts\/281788\/revisions"}],"predecessor-version":[{"id":281882,"href":"https:\/\/www.union.fr\/wp-json\/wp\/v2\/posts\/281788\/revisions\/281882"}],"wp:featuredmedia":[{"embeddable":true,"href":"https:\/\/www.union.fr\/wp-json\/wp\/v2\/media\/281805"}],"wp:attachment":[{"href":"https:\/\/www.union.fr\/wp-json\/wp\/v2\/media?parent=281788"}],"wp:term":[{"taxonomy":"category","embeddable":true,"href":"https:\/\/www.union.fr\/wp-json\/wp\/v2\/categories?post=281788"},{"taxonomy":"post_tag","embeddable":true,"href":"https:\/\/www.union.fr\/wp-json\/wp\/v2\/tags?post=281788"}],"curies":[{"name":"wp","href":"https:\/\/api.w.org\/{rel}","templated":true}]}}