{"id":301266,"date":"2019-10-12T13:53:59","date_gmt":"2019-10-12T11:53:59","guid":{"rendered":"http:\/\/www.union.fr\/?p=301266"},"modified":"2020-02-13T18:23:57","modified_gmt":"2020-02-13T16:23:57","slug":"transgenres-acceptation-difficile","status":"publish","type":"post","link":"https:\/\/www.union.fr\/actus\/transgenres-acceptation-difficile-301266.html","title":{"rendered":"Les transgenres, une acceptation encore difficile ?"},"content":{"rendered":"<p>Peu d&rsquo;enqu\u00eates permettent de donner une repr\u00e9sentation chiffr\u00e9e de la population trans : <a href=\"http:\/\/www.leparisien.fr\/archives\/environ-15-000-personnes-en-france-25-01-2016-5481517.php\">l&rsquo;association ORTrans estimerait leur nombre \u00e0 15000 en France<\/a>, d&rsquo;apr\u00e8s le Parisien.<\/p> <h2>La transidentit\u00e9, une place controvers\u00e9e en psychiatrie ?<\/h2> <p>L&rsquo;ann\u00e9e 1980 marque l&rsquo;entr\u00e9e en vigueur de la transidentit\u00e9 (pour la premi\u00e8re fois nomm\u00e9 \u00ab\u00a0transexualisme\u00a0\u00bb) dans la liste des troubles mentaux (DSM). Les revendications des militant.e.s trans et des associations pleuvent \u00e0 l&rsquo;encontre de cette attribution jug\u00e9e transphobe :\u00a0\u00ab\u00a0\u00eatre trans n&rsquo;est ni une pathologie, ni un choix, ni un drame\u00a0\u00bb clame Vincent, de l&rsquo;association\u00a0Trans Inter action, <a href=\"https:\/\/www.lexpress.fr\/actualite\/societe\/etre-trans-n-est-ni-une-pathologie-ni-un-choix-ni-un-drame_1893877.html\">dans l&rsquo;Express<\/a>, en mars 2017.<\/p> <p>Un an plus tard, l&rsquo;OMS (Organisation Mondiale de la Sant\u00e9) op\u00e8re une r\u00e9vision dans le DSM, o\u00f9 la transidentit\u00e9 se voit exclue d&rsquo;office. Un changement d\u00e9j\u00e0 effectu\u00e9 par la France en f\u00e9vrier 2010 : elle devient le premier pays au monde \u00e0 sortir le transexualisme\u00a0de la liste des affections psychiatriques. Et depuis la publication en juin 2018 de la 11\u00e8me du CIM (Classification internationale des maladies) : la transidentit\u00e9 est d\u00e9sormais appel\u00e9 \u00ab\u00a0incongruence de genre\u00a0\u00bb, qui se d\u00e9finit comme le sentiment d&rsquo;appartenir au sexe oppos\u00e9.<\/p> <p>Pourtant, la psychiatrie reste une \u00e9tape du parcours de soin quant il s&rsquo;agit de \u00ab\u00a0d\u00e9terminer\u00a0\u00bb une personne transgenre. L&rsquo;initiation d&rsquo;une transition n&rsquo;implique pas obligatoirement une \u00e9valuation psychiatrique. Mais, elle intervient lors d&rsquo;un second examen, accompagn\u00e9 d&rsquo;un\u00a0psychiatre, d&rsquo;un endocrinologue ou d&rsquo;un chirurgien, avant les d\u00e9buts d&rsquo;une th\u00e9rapie hormonale. Cl\u00e9mence Zamora Cruz, porte-parole d&rsquo;Inter-LGBT,\u00a0souligne que le passage devant une commission peut entra\u00eener une\u00a0\u00ab\u00a0fragilisation de la personne\u00a0\u00bb, alors \u00ab\u00a0oblig\u00e9e de justifier son identit\u00e9\u00a0\u00bb. Les associations d\u00e9noncent aussi cette psychiatrisation de l&rsquo;incongruence de genre, comme une \u00ab\u00a0premi\u00e8re barri\u00e8re au processus de transition\u00a0\u00bb selon Cl\u00e9mence.\u00a0\u00ab\u00a0Il est pour moi \u00e9trange de parler de psychiatrisation alors que nous travaillons de fa\u00e7on pluridisciplinaire, avec les endocrinologues et les chirurgiens\u00a0\u00bb, conteste\u00a0le psychiatre Dr S\u00e9bastien Machefaux.<\/p> <p class=\"article-standfirst read-left-padding\">Le psychologue clinicien trans Tom Reucher estime toutefois qu&rsquo;il y aurait \u00ab\u00a0beaucoup \u00e0 faire, notamment pour former les m\u00e9decins \u00e0 une meilleure prise en charge des transidentitaires\u00a0\u00bb<\/p> <h2>Les discriminations perdurent envers les transgenres ?<\/h2> <p>\u00ab\u00a0En 2018, 210 cas de transphobie ont \u00e9t\u00e9 signal\u00e9s aupr\u00e8s de SOS homophobie\u00a0\u00bb peut-on lire dans <a href=\"https:\/\/www.sos-homophobie.org\/sites\/default\/files\/rapport_homophobie_2019_interactif.pdf\">le rapport publi\u00e9 par SOS homophobie en 2019<\/a>. Dans presque toutes les situations, les victimes sont rejet\u00e9es (85 %), et plus de la moiti\u00e9 d\u2019entre elles subissent des discriminations li\u00e9es \u00e0 leur identit\u00e9. Sans compter les insultes (2 cas sur 5) et les agressions physiques et\/ou sexuelles (1 cas sur 10), r\u00e9v\u00e8le SOS homophobie.<\/p> <p>Si ces discriminations sont majoritairement perp\u00e9tr\u00e9s sur Internet (41%), dans un contexte familiale (11%) et\/ou dans les lieux publics (10%), elles toucheraient aussi le monde du travail, notamment aux\u00a0\u00c9tats- Unis.<\/p> <p>Le pr\u00e9sident Donald Trump marquait d\u00e9j\u00e0 les esprit en revenant sur une d\u00e9cision prise par Barack Obama : les militaires transgenres auraient interdiction de s&rsquo;engager dans l&rsquo;arm\u00e9e, depuis le mardi 22 janvier. L&rsquo;administration de Trump frappe encore un grand coup ! D\u00e9sormais, les employeurs auraient le droit de licencier des salari\u00e9s transgenres. Noel Francisco soutient la position du gouvernement : la loi f\u00e9d\u00e9rale de 1964 interdit bien les discriminations \u00ab\u00a0sur la base du sexe\u00a0\u00bb, qui \u00ab\u00a0fait r\u00e9f\u00e9rence au fait d\u2019\u00eatre n\u00e9 homme ou femme, pas \u00e0 l\u2019orientation sexuelle, ni \u00e0 l\u2019identit\u00e9 de genre.\u00a0\u00bb Une situation inqui\u00e9tante : \u00ab\u00a0c&rsquo;est un enjeu tr\u00e8s important: nous parlons de millions et millions de personnes qui vont au travail tous les jours en ayant peur d&rsquo;\u00eatre vir\u00e9es\u00a0\u00bb\u00a0d\u00e9clare Gerald Bostock, un des plaignants.<\/p> <h2>Les transgenres, une invisibilit\u00e9 accrue ?<\/h2> <p>La repr\u00e9sentation de la population trans semblerait encore s&rsquo;affubler d&rsquo;une transparence, entretenue par une absence dans la culture populaire. Elle persisterait sur les \u00e9crans fran\u00e7ais, bien que des personnages trans font leur apparition, comme Antoine dans Plus Belle La Vie, jou\u00e9 par l&rsquo;actrice Enola Righi. Malgr\u00e9 tout, ces r\u00f4les sont tr\u00e8s rarement attribu\u00e9s \u00e0 des acteurs ou actrices trans.<\/p> <p>Si Hollywood (tout comme le cin\u00e9ma fran\u00e7ais) peine \u00e0 le faire, certains producteurs comptent bien changer la donne : Candis Cayne fut la premi\u00e8re femme transgenre \u00e0 obtenir un r\u00f4le, dans la s\u00e9rie Dirty Sexy Money (diffus\u00e9e entre 2007 et 2009).\u00a0Hunter Schafer, principalement mannequin, s&rsquo;est aussi vu attribu\u00e9e le r\u00f4le de Jules, une femme transgenre, dans la s\u00e9rie Euphoria, diffus\u00e9e en 2019.<\/p> <p>Si la pr\u00e9sence de la population trans au niveau m\u00e9diatique prend de l&rsquo;ampleur, cette minorit\u00e9 pourrait-elle enfin se faire accepter ?<\/p> <p><strong>\u00c0 lire aussi&#8230;<\/strong><\/p> <p><a href=\"http:\/\/www.union.fr\/actus\/grand-format\/changement-detat-civil-transgenres-enfin-simplifie-162737.html\">Le changement d&rsquo;\u00e9tat civil pour les transgenres enfin simplifi\u00e9<\/a><\/p> <p><a href=\"http:\/\/www.union.fr\/actus\/femmes-ont-acces-a-pma-300033.html\">Toutes les femmes ont acc\u00e8s \u00e0 la PMA !<\/a><\/p> <p><a href=\"http:\/\/www.union.fr\/actus\/phobie-envers-les-lgbt-des-impacts-physiques-et-psychologiques-consequents-295146.html\">Phobie envers les LGBT+ : des impacts physiques et psychologiques cons\u00e9quents !<\/a><\/p> ","protected":false},"excerpt":{"rendered":"<p>Le combat des transgenres ne semblerait pas \u00eatre encore termin\u00e9&#8230;<\/p>\n","protected":false},"author":11696,"featured_media":301970,"comment_status":"open","ping_status":"open","sticky":false,"template":"","format":"standard","meta":{"footnotes":""},"categories":[6,3,5],"tags":[1826,5513,3558,5679,5678,5680,1903,5677,573],"class_list":["post-301266","post","type-post","status-publish","format-standard","has-post-thumbnail","hentry","category-actus","category-diaporama-accueil","category-menu_site","tag-acceptation","tag-agressions","tag-discrimination","tag-incongruence-de-genre","tag-pathologie","tag-psychiatrie","tag-transgenres","tag-transidentite","tag-travail"],"_links":{"self":[{"href":"https:\/\/www.union.fr\/wp-json\/wp\/v2\/posts\/301266","targetHints":{"allow":["GET"]}}],"collection":[{"href":"https:\/\/www.union.fr\/wp-json\/wp\/v2\/posts"}],"about":[{"href":"https:\/\/www.union.fr\/wp-json\/wp\/v2\/types\/post"}],"author":[{"embeddable":true,"href":"https:\/\/www.union.fr\/wp-json\/wp\/v2\/users\/11696"}],"replies":[{"embeddable":true,"href":"https:\/\/www.union.fr\/wp-json\/wp\/v2\/comments?post=301266"}],"version-history":[{"count":8,"href":"https:\/\/www.union.fr\/wp-json\/wp\/v2\/posts\/301266\/revisions"}],"predecessor-version":[{"id":313354,"href":"https:\/\/www.union.fr\/wp-json\/wp\/v2\/posts\/301266\/revisions\/313354"}],"wp:featuredmedia":[{"embeddable":true,"href":"https:\/\/www.union.fr\/wp-json\/wp\/v2\/media\/301970"}],"wp:attachment":[{"href":"https:\/\/www.union.fr\/wp-json\/wp\/v2\/media?parent=301266"}],"wp:term":[{"taxonomy":"category","embeddable":true,"href":"https:\/\/www.union.fr\/wp-json\/wp\/v2\/categories?post=301266"},{"taxonomy":"post_tag","embeddable":true,"href":"https:\/\/www.union.fr\/wp-json\/wp\/v2\/tags?post=301266"}],"curies":[{"name":"wp","href":"https:\/\/api.w.org\/{rel}","templated":true}]}}