{"id":322882,"date":"2020-07-21T17:34:47","date_gmt":"2020-07-21T15:34:47","guid":{"rendered":"https:\/\/www.union.fr\/?p=322882"},"modified":"2020-07-21T17:34:47","modified_gmt":"2020-07-21T15:34:47","slug":"francais-preferent-sexe-fete","status":"publish","type":"post","link":"https:\/\/www.union.fr\/sexo\/societe\/francais-preferent-sexe-fete-322882.html","title":{"rendered":"Confinement : le sexe d\u00e9laiss\u00e9 pour la f\u00eate ?"},"content":{"rendered":"<p>Avez-vous pass\u00e9 le confinement tout seul ou sans votre moiti\u00e9 ?\u00a0 Qu&rsquo;est-ce qui vous a le plus manqu\u00e9 entre la f\u00eate ou le sexe pendant cette p\u00e9riode ? <a href=\"https:\/\/www.ifop.com\/wp-content\/uploads\/2020\/07\/Rapport_Ifop_Pornhub_2020.07.17.pdf\">L&rsquo;Ifop a r\u00e9alis\u00e9 une \u00e9tude pour Pornhub<\/a>\u00a0afin de savoir lequel des 2 \u00e9tait le plus regrett\u00e9 des Fran\u00e7ais.<\/p> <p><a href=\"https:\/\/www.union.fr\/actus\/confinement\/confinement-sexe-francais-couette-318033.html\">Pendant le confinement, une pause sexe<\/a> s&rsquo;est fait ressentir pour une bonne moiti\u00e9 des Fran\u00e7ais. Selon l&rsquo;\u00e9tude, 44% d&rsquo;entre eux n&rsquo;auraient pas eu de rapports sexuels pendant la p\u00e9riode, contre 26% avant. Ce n&rsquo;est pourtant pas la premi\u00e8re chose qu&rsquo;ils auraient voulu combler une fois la libert\u00e9 retrouv\u00e9e.<\/p> <h2>Plut\u00f4t soir\u00e9e entre amis ou partie de jambes l&rsquo;air ?<\/h2> <p>S&rsquo;ils avaient eu le choix pendant le confinement, <strong>74% des Fran\u00e7ais auraient pr\u00e9f\u00e9r\u00e9 la premi\u00e8re option<\/strong>. Peu importe leur statut marital ou leur sexe, ils ont \u00e9t\u00e9 en manque de bons moments avec leurs amis avant d&rsquo;\u00eatre en manque sexuel.<\/p> <p>Seulement <strong>43% d&rsquo;entre eux ont ressenti un manque d&rsquo;amour et 33% un manque de sexe<\/strong>. Ici, les avis divergent selon le statut et le sexe de la personne. Le manque de c\u00e2lins se fait surtout sentir pour n&rsquo;importe quel c\u00e9libataire. Tandis que le manque de sexe est plut\u00f4t pr\u00e9sent pour un homme c\u00e9libataire.<\/p> <h2>Une vie sexuelle qui revient petit \u00e0 petit<\/h2> <p>M\u00eame si la f\u00eate leur a le plus manqu\u00e9e, les c\u00e9libataires fran\u00e7ais ne se sont pas g\u00ean\u00e9s pour reprendre leur vie sexuelle ! <strong>Certes elle est moins active qu&rsquo;avant le confinement, mais elle a repris<\/strong>. L&rsquo;\u00e9tude a montr\u00e9 que 33% des c\u00e9libataires ont eu un rapport sexuel apr\u00e8s le confinement contre 13% pendant et 44% avant.\u00a0Les rencontres se sont cependant appauvries puisque la majorit\u00e9 des rapports des c\u00e9libataires a \u00e9t\u00e9 fait avec des personnes qu&rsquo;ils connaissaient d\u00e9j\u00e0.<\/p> <p>Du c\u00f4t\u00e9 des couples aussi leur vie sexuelle va mieux ! Pendant le confinement 21% d&rsquo;entre eux n&rsquo;avaient plus de rapports tandis qu&rsquo;ils ne sont plus que 16% apr\u00e8s le d\u00e9confinement.<\/p> <h2>Les Fran\u00e7ais restent sur leur garde<\/h2> <p>Maintenant la libert\u00e9 retrouv\u00e9e, <strong>ils se tournent vers la s\u00e9curit\u00e9 et la stabilit\u00e9<\/strong> : 90% d&rsquo;entre eux rechercheraient un seul partenaire dans l&rsquo;optique d&rsquo;une relation plus s\u00fbre et affective.<\/p> <p>Fran\u00e7ois Kraus explique ainsi que \u00ab\u00a0<em>la tendance semble plut\u00f4t \u00eatre \u00e0 la prudence et \u00e0 un d\u00e9sir plus large de s\u00e9curit\u00e9 affective (monogamie) et sexuelle (\u00ab\u00a0safe sex\u00a0\u00bb).<\/em>\u00a0\u00bb d\u00fb notamment \u00e0\u00a0\u00ab\u00a0<em>l\u2019isolement affectif v\u00e9cu durant deux mois puis du maintien des r\u00e8gles de distanciation physique qui incitent \u00e0 une s\u00e9lection plus stricte de ses partenaires et \u00e0 une sexualisation plus lente des relations<\/em>\u00ab\u00a0.<\/p> <p>Avec ces changements, les esprits vont-ils \u00e9voluer ? La tendance du coup d&rsquo;un soir va-t-elle perdurer ? Est-ce seulement un manque de libert\u00e9s sexuelles passager ? Affaire \u00e0 suivre sur le long-terme&#8230;<\/p> <p><em>\u00ab \u00c9tude Ifop pour Pornhub r\u00e9alis\u00e9e par questionnaire auto-administr\u00e9 en ligne du 9 au 12 juin 2020 aupr\u00e8s d\u2019un \u00e9chantillon de 3018 personnes, repr\u00e9sentatif de la population \u00e2g\u00e9e de 18 ans et plus r\u00e9sidant en France m\u00e9tropolitaine. \u00bb<\/em><\/p> <h3>A lire aussi<\/h3> <p><a href=\"https:\/\/www.union.fr\/actus\/confinement\/deconfinement-quel-sexualite-apres-318835.html\">D\u00e9confinement : quelle sexualit\u00e9 apr\u00e8s ? Ils t\u00e9moignent !<\/a><\/p> <p><a href=\"https:\/\/www.union.fr\/actus\/confinement\/deconfinement-quelle-sexualite-elles-temoignent-318662.html\">D\u00e9confinement : quelle sexualit\u00e9 apr\u00e8s ? Elles t\u00e9moignent !<\/a><\/p> ","protected":false},"excerpt":{"rendered":"<p>Qui dit confinement en solitaire dit beaucoup moins de rapports sexuels. Mais qui dit confinement dit aussi arr\u00eat des soir\u00e9es entre amis ! Qu&rsquo;est-ce qui vous a le plus manqu\u00e9 ?<\/p>\n","protected":false},"author":7,"featured_media":322891,"comment_status":"open","ping_status":"open","sticky":false,"template":"","format":"standard","meta":{"footnotes":""},"categories":[3,5,194],"tags":[5980],"class_list":["post-322882","post","type-post","status-publish","format-standard","has-post-thumbnail","hentry","category-diaporama-accueil","category-menu_site","category-societe","tag-confinement"],"_links":{"self":[{"href":"https:\/\/www.union.fr\/wp-json\/wp\/v2\/posts\/322882","targetHints":{"allow":["GET"]}}],"collection":[{"href":"https:\/\/www.union.fr\/wp-json\/wp\/v2\/posts"}],"about":[{"href":"https:\/\/www.union.fr\/wp-json\/wp\/v2\/types\/post"}],"author":[{"embeddable":true,"href":"https:\/\/www.union.fr\/wp-json\/wp\/v2\/users\/7"}],"replies":[{"embeddable":true,"href":"https:\/\/www.union.fr\/wp-json\/wp\/v2\/comments?post=322882"}],"version-history":[{"count":14,"href":"https:\/\/www.union.fr\/wp-json\/wp\/v2\/posts\/322882\/revisions"}],"predecessor-version":[{"id":322897,"href":"https:\/\/www.union.fr\/wp-json\/wp\/v2\/posts\/322882\/revisions\/322897"}],"wp:featuredmedia":[{"embeddable":true,"href":"https:\/\/www.union.fr\/wp-json\/wp\/v2\/media\/322891"}],"wp:attachment":[{"href":"https:\/\/www.union.fr\/wp-json\/wp\/v2\/media?parent=322882"}],"wp:term":[{"taxonomy":"category","embeddable":true,"href":"https:\/\/www.union.fr\/wp-json\/wp\/v2\/categories?post=322882"},{"taxonomy":"post_tag","embeddable":true,"href":"https:\/\/www.union.fr\/wp-json\/wp\/v2\/tags?post=322882"}],"curies":[{"name":"wp","href":"https:\/\/api.w.org\/{rel}","templated":true}]}}