{"id":346560,"date":"2021-03-02T18:02:09","date_gmt":"2021-03-02T16:02:09","guid":{"rendered":"https:\/\/www.union.fr\/?p=346560"},"modified":"2021-03-01T13:11:24","modified_gmt":"2021-03-01T11:11:24","slug":"sexe-genre-ameliorer-sante-francais","status":"publish","type":"post","link":"https:\/\/www.union.fr\/sexo\/sexualite-et-sante\/sexe-genre-ameliorer-sante-francais-346560.html","title":{"rendered":"Le sexe et le genre pour am\u00e9liorer la sant\u00e9 des Fran\u00e7ais"},"content":{"rendered":"<p>\u00ab\u00a0Sexe, genre et sant\u00e9\u00a0\u00bb, tel est le sujet explor\u00e9 par la \u00a0 Autorit\u00e9 de sant\u00e9 dans son 3<sup>e<\/sup> rapport d\u2019analyse prospective du syst\u00e8me de sant\u00e9.<\/p> <p>La HAS appelle \u00e0 une prise de conscience collective de la n\u00e9cessit\u00e9 de consid\u00e9rer les questions de sexe et <a href=\"https:\/\/www.union.fr\/actus\/transgenres-acceptation-difficile-301266.html\">de genre<\/a> de mani\u00e8re globale et nuanc\u00e9e pour mieux soigner et accompagner les personnes et ne pas aggraver les in\u00e9galit\u00e9s en sant\u00e9. La HAS formule ainsi 10 propositions pour inciter pouvoirs publics et acteurs de terrain \u00e0 se pr\u00e9occuper des effets du sexe et du genre dans les diff\u00e9rentes \u00e9tapes de la conception et de la mise en \u0153uvre des politiques publiques <a href=\"https:\/\/www.union.fr\/sexo\/sexualite-et-sante\/negligez-pas-sante-sexuelle-304878.html\">de sant\u00e9<\/a> et d\u2019accompagnement social.<\/p> <p>La HAS souligne la n\u00e9cessit\u00e9 d\u2019adapter les recommandations et la formation pour faire \u00e9voluer les pratiques professionnelles du soin comme de l\u2019accompagnement. Celles-ci doivent \u00eatre compl\u00e9t\u00e9es pour int\u00e9grer les diff\u00e9rences li\u00e9es au sexe ou au genre, et aider les acteurs de terrain \u00e0 appr\u00e9hender ces questions dans leur pratique quotidienne, mais aussi dans la gestion administrative.<\/p> <p>La HAS prend elle-m\u00eame des engagements pour une meilleure inclusion des questions<a href=\"https:\/\/www.union.fr\/actus\/pourquoi-la-greve-du-sexe-derange-288912.html\"> de sexe<\/a> et genre dans ses travaux\u00a0:<\/p> <ul> <li>D\u00e8s aujourd\u2019hui en portant ce rapport aupr\u00e8s des instances nationales, europ\u00e9ennes et internationales auxquelles elle participe.<\/li> <li>\u00c0 court terme, notamment en faisant des questions de sexe et de genre l\u2019un des axes du plan de formation de ses agents et en menant des travaux sur la pertinence du \u00ab\u00a0<em>sex ratio<\/em>\u00a0\u00bb. Elle sensibilisera \u00e9galement les industriels en int\u00e9grant, au sein de ses \u00e9valuations des produits de sant\u00e9, la pr\u00e9occupation sur la repr\u00e9sentativit\u00e9 hommes-femmes dans les donn\u00e9es cliniques.<\/li> <li>\u00c0 moyen terme en int\u00e9grant les questions de sexe et de genre dans ses m\u00e9thodes de travail et ses guides m\u00e9thodologiques, puis en suivant l\u2019impact de ses engagements sur ses productions.<\/li> <li>Et sur le long terme, la HAS s\u2019engage \u00e0 prendre en compte les diff\u00e9rences de sexe et de genre dans son prochain projet strat\u00e9gique &#8211; afin de contribuer \u00e0 la lutte contre les in\u00e9galit\u00e9s.<\/li> <\/ul>  <p><strong>A LIRE AUSSI :<\/strong><\/p> <p><a href=\"https:\/\/www.union.fr\/actus\/insolite\/jours-de-conges-se-masturber-345500.html\">Des jours de cong\u00e9s pour&#8230; se masturber !\u00a0<\/a><\/p> <p><a href=\"https:\/\/www.union.fr\/sexo\/sex-academy-cours-sexe-342887.html\">Sex Academy : des cours de sexe, \u00e7a existe ?\u00a0<\/a><\/p> <p>Gy<a href=\"https:\/\/www.union.fr\/sexo\/sexualite-et-sante\/gynecee-maison-pour-les-femme-344115.html\">n\u00e9c\u00e9e : une maison pour les femmes<\/a><\/p>  ","protected":false},"excerpt":{"rendered":"<p>Dans son dernier rapport, la Haute Autorit\u00e9 de Sant\u00e9 appelle \u00e0 une prise en compte des questions du sexe pour meilleur soins et accompagnement des personnes. <\/p>\n","protected":false},"author":7,"featured_media":346563,"comment_status":"open","ping_status":"open","sticky":false,"template":"","format":"standard","meta":{"footnotes":""},"categories":[6,3,5,2,27,194],"tags":[3941,6239,1657,363,2317],"class_list":["post-346560","post","type-post","status-publish","format-standard","has-post-thumbnail","hentry","category-actus","category-diaporama-accueil","category-menu_site","category-mise-en-avant","category-sexualite-et-sante","category-societe","tag-genre","tag-inegalites","tag-sante","tag-sexe","tag-societe"],"_links":{"self":[{"href":"https:\/\/www.union.fr\/wp-json\/wp\/v2\/posts\/346560","targetHints":{"allow":["GET"]}}],"collection":[{"href":"https:\/\/www.union.fr\/wp-json\/wp\/v2\/posts"}],"about":[{"href":"https:\/\/www.union.fr\/wp-json\/wp\/v2\/types\/post"}],"author":[{"embeddable":true,"href":"https:\/\/www.union.fr\/wp-json\/wp\/v2\/users\/7"}],"replies":[{"embeddable":true,"href":"https:\/\/www.union.fr\/wp-json\/wp\/v2\/comments?post=346560"}],"version-history":[{"count":3,"href":"https:\/\/www.union.fr\/wp-json\/wp\/v2\/posts\/346560\/revisions"}],"predecessor-version":[{"id":346565,"href":"https:\/\/www.union.fr\/wp-json\/wp\/v2\/posts\/346560\/revisions\/346565"}],"wp:featuredmedia":[{"embeddable":true,"href":"https:\/\/www.union.fr\/wp-json\/wp\/v2\/media\/346563"}],"wp:attachment":[{"href":"https:\/\/www.union.fr\/wp-json\/wp\/v2\/media?parent=346560"}],"wp:term":[{"taxonomy":"category","embeddable":true,"href":"https:\/\/www.union.fr\/wp-json\/wp\/v2\/categories?post=346560"},{"taxonomy":"post_tag","embeddable":true,"href":"https:\/\/www.union.fr\/wp-json\/wp\/v2\/tags?post=346560"}],"curies":[{"name":"wp","href":"https:\/\/api.w.org\/{rel}","templated":true}]}}