{"id":347140,"date":"2023-08-23T18:00:50","date_gmt":"2023-08-23T16:00:50","guid":{"rendered":"https:\/\/www.union.fr\/?p=347140"},"modified":"2023-08-21T17:30:10","modified_gmt":"2023-08-21T15:30:10","slug":"sous-les-paves-le-sexe","status":"publish","type":"post","link":"https:\/\/www.union.fr\/recits\/sous-les-paves-le-sexe-347140.html","title":{"rendered":"Sous les pav\u00e9s, le sexe\u00a0!"},"content":{"rendered":"<div class=\"edisound-texttospeech-player\" data-pid=\"1edda199-3317-67ea-8adc-7da05b25919d\" data-selector=\".article_body_content\"><\/div> <p><script type=\"text\/javascript\" src=\"https:\/\/publishers.edisound.com\/player\/javascript\/init.js\" async><\/script><\/p> <p>Mes Unionistes pr\u00e9f\u00e9r\u00e9s, je vous \u00e9cris cette <a href=\"https:\/\/www.union.fr\">histoire de sexe<\/a> pour vous raconter la <strong>petite derni\u00e8re de mes folies<\/strong>\u2026 qui, je l\u2019esp\u00e8re, va vous <strong>\u00e9moustiller<\/strong>.<\/p> <p>Voil\u00e0, je vis en r\u00e9gion parisienne, et pendant le deuxi\u00e8me confinement, je me suis rendue \u00e0 une manifestation contre la loi \u201cs\u00e9curit\u00e9 globale\u201d qui pr\u00e9voyait entre autre d\u2019interdire aux citoyens de filmer les forces de l\u2019ordre en intervention. Je trouvais \u00e7a tr\u00e8s injuste. Bref, du coup, je suis partie fi\u00e8rement manifester, pr\u00eate \u00e0 me m\u00ealer aux protestataires. Et ce que j\u2019ai d\u00e9couvert sur place m\u2019a galvanis\u00e9e ! Il y avait l\u00e0, parmi quelques \u201cGilets jaunes\u201d, tous les \u00e9tudiants confin\u00e9s qui ne pouvaient pas sortir ni se r\u00e9unir et qui \u00e9taient venus, bien s\u00fbr pour t\u00e9moigner de leur m\u00e9contentement, mais aussi pour se retrouver et avoir un contact humain. C\u2019\u00e9tait chaleureux, avec des slogans pour se moquer du ministre de l\u2019Int\u00e9rieur. \u00c7a chantait, \u00e7a dansait et \u00e7a buvait des bi\u00e8res. Moi, j\u2019\u00e9tais toute seule et je me laissais aller entre les petits groupes dispers\u00e9s derri\u00e8re l\u2019Assembl\u00e9e nationale, sur une petite place.<\/p>  <p><a href=\"https:\/\/www.union.fr\/wp-content\/uploads\/2023\/07\/widget_vod_reveil_coquin.png\"><div class=\"wrap-img\" id=\"wrap-img-415796\"><img loading=\"lazy\" decoding=\"async\" itemprop=\"thumbnailUrl\" class=\"size-medium wp-image-415796 aligncenter\" src=\"https:\/\/www.union.fr\/wp-content\/uploads\/2023\/07\/widget_vod_reveil_coquin-300x250.png\" alt=\"\" width=\"300\" height=\"250\" \/><\/div><\/a><\/p>  <h2>Bais\u00e9e sous les pav\u00e9s<\/h2> <p>\u00c0 un moment, par un mouvement de foule, je me suis retrouv\u00e9e plaqu\u00e9e contre un jeune homme qui devait avoir \u00e0 peu pr\u00e8s mon \u00e2ge, plut\u00f4t baraqu\u00e9 et qui avait l\u2019air de me sourire derri\u00e8re <a href=\"https:\/\/www.union.fr\/recits\/ma-maitresse-masquee-346471.html\">son masque<\/a>. Il s\u2019appelait Ben et il m\u2019a propos\u00e9 de rester avec lui. On a pass\u00e9 un certain temps sur la place \u00e0 nous parler, \u00e0 chanter et \u00e0 nous rapprocher par l\u2019entremise des mouvements de manifestants qui nous poussaient l\u2019un contre l\u2019autre.<\/p> <p>Vers la fin de la manif Ben m\u2019a pris par la main pour nous enfuir. Des policiers se sont mis \u00e0 courir dans notre direction alors nous avons caval\u00e9 encore plus vite. En passant devant un porche d\u2019immeuble, Ben a pouss\u00e9 la lourde porte qui s\u2019est ouverte et m\u2019a entra\u00een\u00e9e \u00e0 l\u2019int\u00e9rieur. Il y avait une courette et une sorte de remise pour le rangement, \u00e0 l\u2019usage de la concierge. Il m\u2019y a entra\u00een\u00e9e et m\u2019a expliqu\u00e9 qu\u2019il avait rep\u00e9r\u00e9 cette<strong> planque a<\/strong>vant d\u2019arriver devant l\u2019Assembl\u00e9e.<\/p> <p>Nous avons d\u00e9cid\u00e9 d\u2019attendre dans la petite remise faiblement \u00e9clair\u00e9e par la lumi\u00e8re d\u2019un lampadaire au dehors, en attendant que les choses se calment un peu. Mon c\u0153ur battait la chamade et j\u2019ai mis la main de Ben sur ma<strong> poitrine<\/strong> pour qu\u2019il le sente cogner. C\u2019\u00e9tait tellement <strong>romantique<\/strong>, et j\u2019avais eu si peu de <strong>contacts charnels<\/strong> ces derniers temps ! Sa main s\u2019est pos\u00e9e sur mon <strong>sein<\/strong> et sa bouche sur <a href=\"https:\/\/www.union.fr\/recits\/de-la-coupe-aux-levres-13592.html\">mes l\u00e8vres<\/a>. Il sentait un peu la bi\u00e8re et aussi une autre odeur\u2026, celle de sa peau que je trouvais renversante et qui m\u2019a tout de suite rendue accro. Je l\u2019ai sniff\u00e9 \u00e0 pleins poumons et <strong>j\u2019ai embrass\u00e9 son cou<\/strong>. Il a commenc\u00e9 \u00e0 me <strong>caresser<\/strong> dans la remise et on s\u2019est chauff\u00e9s doucement.<\/p>  <p><a href=\"https:\/\/livecam.union.fr\/fr\/\"><div class=\"wrap-img\" id=\"wrap-img-321937\"><img loading=\"lazy\" decoding=\"async\" class=\"size-full wp-image-321937 aligncenter\" src=\"https:\/\/www.union.fr\/wp-content\/uploads\/2020\/07\/capture-decran-2020-07-06-a-10.13.00.png\" alt=\"\" width=\"300\" height=\"250\" \/><\/div><\/a><\/p>   <h2>Le minou en chaleur<\/h2> <p>Nos <strong>envies<\/strong> se m\u00e9langeaient comme nos mains et nos <strong>langues.<\/strong> On sentait bien que nous voulions allez plus loin, alors il m\u2019a propos\u00e9 d\u2019aller chez lui, ce que j\u2019ai accept\u00e9, folle de d\u00e9sir.<\/p> <p>Le temps d\u2019arriver chez lui n\u2019a fait qu\u2019amplifier notre app\u00e9tit. \u00c0 peine la porte d\u2019entr\u00e9e pass\u00e9e, nous avons atterri dans sa chambre. J\u2019ai pris possession du lit pour lui d\u00e9voiler mes <strong>sous-v\u00eatements.<\/strong> Avais-je en t\u00eate de vivre une aventure ce jour-l\u00e0 ? J\u2019avais rev\u00eatu un bel ensemble de satin blanc, <a href=\"https:\/\/www.union.fr\/recits\/string-nuisette-et-porte-jarretelles-189248.html\">string et corset.<\/a> \u00ab Waouh, je ne vois pas souvent \u00e7a chez les meufs de gauche \u00bb, a-t-il plaisant\u00e9. J\u2019ai jou\u00e9 sur le lit en roulant c\u00f4t\u00e9 pile ou c\u00f4t\u00e9 face, pour qu\u2019il admire mes<strong> fesses,<\/strong> puis ma<strong> chatte<\/strong> quand j\u2019ai retir\u00e9 d\u2019un geste rapide mon <strong>petit string.<\/strong> C\u2019est \u00e0 ce moment qu\u2019il a sorti son t\u00e9l\u00e9phone, et m\u2019a demand\u00e9 l\u2019autorisation de me prendre en photo, ce que j\u2019ai accept\u00e9 car \u00e7a a tendance \u00e0 me chauffer encore plus.<\/p> <p>Agenouill\u00e9e sur le lit o\u00f9 il m\u2019avait rejointe, <strong>nu,<\/strong> j\u2019ai pris sa<strong> bite<\/strong> qui se dressait au milieu de son<strong> corps<\/strong> pour la stimuler avec ma bouche. Je la<strong> l\u00e9chais<\/strong>, la <strong>su\u00e7ais,<\/strong> prenais mon temps pour la faire plonger le plus loin possible dans ma gorge\u2026 C\u2019\u00e9tait bon, ce toucher r\u00e9el, vivant et vibrant, cette chair palpitante et pas virtuelle ! J\u2019avais envie de me la prendre dans mon petit con tout humide et de vibrer avec lui ! \u00c7a n\u2019a pas tard\u00e9, car il m\u2019a pouss\u00e9e contre le lit.<\/p>  <div id=\"attachment_357954\" style=\"width: 310px\" class=\"wp-caption aligncenter\"><a href=\"https:\/\/boutique.union.fr\/\"><div class=\"wrap-img\" id=\"wrap-img-357954\"><img loading=\"lazy\" decoding=\"async\" aria-describedby=\"caption-attachment-357954\" class=\"wp-image-357954 size-medium\" src=\"https:\/\/www.union.fr\/wp-content\/uploads\/2021\/06\/4-300x250.png\" alt=\"boutique union\" width=\"300\" height=\"250\" \/><\/div><\/a><p id=\"caption-attachment-357954\" class=\"wp-caption-text\">boutique union<\/p><\/div>  <h2>La bite au fond de la chatte<\/h2> <p>Je me suis \u00e9tendue en m\u2019\u00e9tirant, <strong>jambes \u00e9cart\u00e9es<\/strong>, pour lui donner acc\u00e8s \u00e0<a href=\"https:\/\/www.union.fr\/recits\/minou-rose-pour-blouse-blanche-13486.html\"> mon minou.<\/a> Il m\u2019a prise tendrement en s\u2019enfon\u00e7ant tout droit en moi, suscitant une onde de choc dans mon <strong>corps.<\/strong> L\u2019alchimie \u00e9tait totale !<\/p> <p>Son corps au-dessus de moi, c\u2019est moi qui lui ai pris le t\u00e9l\u00e9phone des mains pour prendre des photos de mon point de vue. Je photographiais son torse sec et dessin\u00e9, ses bras qui tenaient mes jambes pour mieux m\u2019enfiler, sa <a href=\"https:\/\/www.union.fr\/recits\/enorme-queue-dunes-153825.html\">belle queue<\/a> vivace qui fr\u00e9tillait dans mon<strong> sexe<\/strong>\u2026 Je n\u2019aurais jamais imagin\u00e9 une telle histoire en sortant de chez moi !<\/p> <p>Nos <strong>\u00e9bats<\/strong> nous ont occup\u00e9s un bon moment, il m\u2019a \u00e9puis\u00e9e de ses p\u00e9n\u00e9trations inlassablement r\u00e9it\u00e9r\u00e9es et mon corps \u00e9tait devenu tellement sensible que j\u2019avais l\u2019impression d\u2019\u00eatre <strong>un clito g\u00e9ant \u00e0 fleur de peau<\/strong>\u2026 Jusqu\u2019\u00e0 devenir une explosion de<strong> sensations orgasmiques<\/strong> pendant laquelle il m\u2019a gard\u00e9e serr\u00e9e dans ses bras\u2026Nous sommes rest\u00e9s l\u2019un contre l\u2019autre toute la nuit en nous caressant et depuis, j\u2019attends avec impatience la prochaine manif.<\/p>  <p><strong>A LIRE AUSSI :\u00a0<\/strong><\/p> <p><a href=\"https:\/\/www.union.fr\/recits\/mon-experience-hors-du-commun-154987.html\">Mon exp\u00e9rience hors du commun\u00a0<\/a><\/p> <p><a href=\"https:\/\/www.union.fr\/recits\/job-d-ete-bien-paye-160572.html\">Job d&rsquo;\u00e9t\u00e9 bien pay\u00e9\u00a0<\/a><\/p> <p><a href=\"https:\/\/www.union.fr\/recits\/vous-avez-demande-la-police-13387.html\">Vous avez demand\u00e9 la police ?\u00a0<\/a><\/p> ","protected":false},"excerpt":{"rendered":"<p>Quand Eva, 29 ans se rend \u00e0 une manifestation, elle ne se doutait pas qu&rsquo;elle trouverai un beau protestataire pr\u00eat \u00e0 lui faire l&rsquo;amour. <\/p>\n","protected":false},"author":7,"featured_media":347187,"comment_status":"open","ping_status":"open","sticky":false,"template":"","format":"standard","meta":{"footnotes":""},"categories":[5,2,8],"tags":[109,476,1590,1367],"class_list":["post-347140","post","type-post","status-publish","format-standard","has-post-thumbnail","hentry","category-menu_site","category-mise-en-avant","category-recits","tag-fellation","tag-lingerie","tag-masque","tag-penetration"],"_links":{"self":[{"href":"https:\/\/www.union.fr\/wp-json\/wp\/v2\/posts\/347140","targetHints":{"allow":["GET"]}}],"collection":[{"href":"https:\/\/www.union.fr\/wp-json\/wp\/v2\/posts"}],"about":[{"href":"https:\/\/www.union.fr\/wp-json\/wp\/v2\/types\/post"}],"author":[{"embeddable":true,"href":"https:\/\/www.union.fr\/wp-json\/wp\/v2\/users\/7"}],"replies":[{"embeddable":true,"href":"https:\/\/www.union.fr\/wp-json\/wp\/v2\/comments?post=347140"}],"version-history":[{"count":3,"href":"https:\/\/www.union.fr\/wp-json\/wp\/v2\/posts\/347140\/revisions"}],"predecessor-version":[{"id":416774,"href":"https:\/\/www.union.fr\/wp-json\/wp\/v2\/posts\/347140\/revisions\/416774"}],"wp:featuredmedia":[{"embeddable":true,"href":"https:\/\/www.union.fr\/wp-json\/wp\/v2\/media\/347187"}],"wp:attachment":[{"href":"https:\/\/www.union.fr\/wp-json\/wp\/v2\/media?parent=347140"}],"wp:term":[{"taxonomy":"category","embeddable":true,"href":"https:\/\/www.union.fr\/wp-json\/wp\/v2\/categories?post=347140"},{"taxonomy":"post_tag","embeddable":true,"href":"https:\/\/www.union.fr\/wp-json\/wp\/v2\/tags?post=347140"}],"curies":[{"name":"wp","href":"https:\/\/api.w.org\/{rel}","templated":true}]}}