{"id":358205,"date":"2024-12-09T14:00:33","date_gmt":"2024-12-09T12:00:33","guid":{"rendered":"https:\/\/www.union.fr\/?p=358205"},"modified":"2024-12-02T15:31:48","modified_gmt":"2024-12-02T13:31:48","slug":"la-breche-est-ouverte","status":"publish","type":"post","link":"https:\/\/www.union.fr\/recits\/la-breche-est-ouverte-358205.html","title":{"rendered":"la br\u00e8che est ouverte"},"content":{"rendered":"<p>Il faut savoir que j&rsquo;\u00e9tais sa toute premi\u00e8re copine et par cons\u00e9quent<strong> sa premi\u00e8re fois<\/strong>. Voici mon <a href=\"https:\/\/www.union.fr\/recits\">histoire de sexe amateur<\/a>. J&rsquo;\u00e9tais au lyc\u00e9e \u00e0 cette \u00e9poque, en <a href=\"https:\/\/www.union.fr\/recits\/histoire-porno-la-rentree-des-classes-280259.html#post-280259\">classe<\/a> de premi\u00e8re, je venais de passer mon bac de fran\u00e7ais et lui \u00e9tait en terminale. On \u00e9tait ensemble depuis peu. <em>U<\/em>. \u00e9tait un vrai personnage romanesque. Aussi bien dans son style vestimentaire (il portait des hauts chapeaux, de tr\u00e8s longs manteaux), que dans ces paroles. Berc\u00e9 par la litt\u00e9rature, les jeux de r\u00f4les, il s&rsquo;\u00e9tait construit son propre monde et sa propre personnalit\u00e9. <strong>C&rsquo;est d&rsquo;ailleurs ce qui le rendait attirant<\/strong>. Au lyc\u00e9e, il avait un certain succ\u00e8s aupr\u00e8s des filles mais n&rsquo;en avait m\u00eame pas conscience. Je faisais partie de ces <a href=\"https:\/\/www.union.fr\/recits\/la-vilaine-fille-13796.html#post-13796\">filles<\/a> qu&rsquo;il attirait, seulement moi, je suis sortie avec lui et je suis devenue celle qu&rsquo;il appelait \u00ab\u00a0ma Dame\u00a0\u00bb.<\/p> <p>Nous n&rsquo;avions pas eu l&rsquo;occasion de nous retrouver seuls, jusqu&rsquo;\u00e0 cet apr\u00e8s-midi. On \u00e9tait au mois de juin, il faisait d\u00e9j\u00e0 bien\u00a0chaud. En sortant de la ville (Bar-le-Duc), il y a un endroit plut\u00f4t sympa pour se <a href=\"https:\/\/www.union.fr\/recits\/songe-dete-13495.html#post-13495\">baigner<\/a> : la Br\u00e8che. C&rsquo;est un peu le spot pour tous les jeunes quand il fait chaud. Du coup, avec des potes on d\u00e9cide d&rsquo;y aller. Je propose \u00e0 <em>U<\/em>. de se joindre \u00e0 nous. C&rsquo;est un exploit parce que de nature peu sociable, il a tout de m\u00eame accept\u00e9.<\/p> <p><a href=\"https:\/\/video.union.fr\/thematiques\/reveil-coquin\"><div class=\"wrap-img\" id=\"wrap-img-415796\"><img loading=\"lazy\" decoding=\"async\" itemprop=\"thumbnailUrl\" class=\"wp-image-415796 size-medium aligncenter\" src=\"https:\/\/www.union.fr\/wp-content\/uploads\/2023\/07\/widget_vod_reveil_coquin-300x250.png\" alt=\"\" width=\"300\" height=\"250\" \/><\/div><\/a><\/p> <h2>Une grosse surprise<\/h2> <p>Arriv\u00e9s au lieu, on se met tous en maillot de bain, on boit une petite bi\u00e8re, on discute, on s&rsquo;amuse et on va \u00e0 l&rsquo;eau. Il faut savoir que c&rsquo;\u00e9tait la premi\u00e8re fois qu&rsquo;avec <em>U<\/em>. on se voyait aussi d\u00e9nud\u00e9s et qu&rsquo;<strong>on d\u00e9couvrait les atouts de l&rsquo;autre<\/strong>. Une fois dans l&rsquo;eau, chacun s&rsquo;amuse et je remarque qu&rsquo;<strong>il me tournait un peu autour<\/strong>. Sans y faire r\u00e9ellement attention, je suis mes amis et je sors de l&rsquo;<a href=\"https:\/\/www.union.fr\/recits\/eau-la-salope%E2%80%89-267348.html#post-267348\">eau<\/a>. En regagnant nos serviettes, sans trop savoir pourquoi, on a form\u00e9 un arc de cercle face \u00e0 la berge. \u00c0 ce m\u00eame moment <em>U<\/em>. sortait pour nous rejoindre. Tous nos <a href=\"https:\/\/www.union.fr\/recits\/un-certain-regard-13679.html#post-13679\">regards<\/a> se sont braqu\u00e9s sur lui et surtout sur son entrejambe. Je tiens \u00e0 pr\u00e9ciser que l&rsquo;eau n&rsquo;\u00e9tait pas chaude, ni m\u00eame ti\u00e8de. Il est sorti avec une telle <a href=\"https:\/\/www.union.fr\/recits\/lautoroute-fait-bander-149808.html#post-149808\">\u00e9rection<\/a>, que nous avons (surtout moi) \u00a0pris conscience qu&rsquo;<strong>il avait une troisi\u00e8me jambe<\/strong>. Mes potes m&rsquo;ont regard\u00e9 l&rsquo;air de dire \u00ab\u00a0bonne chance ma grande&#8230;\u00a0\u00bb.<\/p> <p>Apr\u00e8s \u00e7a, tout le monde s&rsquo;est s\u00e9ch\u00e9 et install\u00e9 sur la berge pour \u00a0<a href=\"https:\/\/www.union.fr\/recits\/lerotisme-de-lhuile-solaire-267694.html#post-267694\">bronzer<\/a>. Pendant que les autres somnolaient, <strong>nous \u00e9tions au milieu en train de nous toucher<\/strong> (plus ou moins discr\u00e8tement). Cela dit, on a quand m\u00eame d\u00e9cid\u00e9 d&rsquo;arr\u00eater, pour ne pas \u00eatre surpris. L&rsquo;air de rien et avec une <a href=\"https:\/\/www.union.fr\/recits\/petite-excitation-du-soir-13319.html#post-13319\">excitation<\/a> qui \u00e9tait remont\u00e9e jusqu&rsquo;\u00e0 la gorge, on a rejoint les troupes qui s&rsquo;\u00e9taient r\u00e9veill\u00e9es et retournaient \u00e0 l&rsquo;eau. <strong>Une amie (qui avait tr\u00e8s bien compris qu&rsquo;on \u00e9tait chauds comme la braise) <\/strong>me glisse discr\u00e8tement une capote en met chuchotant \u00ab\u00a0<em>vas-y, vas-y<\/em>\u00ab\u00a0. \u00a0Il faut savoir qu&rsquo;autour de la Br\u00e8che, il n&rsquo;y a que des champs&#8230; \u00c7a ne nous a pas frein\u00e9. On s&rsquo;est dirig\u00e9 vers le champs et cach\u00e9s par de simples roseaux, <em>U<\/em>. m&rsquo;a saut\u00e9 dessus.<\/p>  <p><a href=\"https:\/\/livecam.union.fr\/fr\/\"><div class=\"wrap-img\" id=\"wrap-img-357961\"><img loading=\"lazy\" decoding=\"async\" class=\"size-medium wp-image-357961 aligncenter\" src=\"https:\/\/www.union.fr\/wp-content\/uploads\/2021\/06\/8-300x250.png\" alt=\"Livecam Union\" width=\"300\" height=\"250\" \/><\/div><\/a><\/p>  <h2>Une b\u00eate au milieu du champ<\/h2> <p>Je n&rsquo;ai pas eu le temps de comprendre ce qui se passait (est-ce que j&rsquo;en avais vraiment envie ?). Le personnage romanesque, fleur bleue avait laiss\u00e9 place \u00e0 l&rsquo;entreprenant, presque bestial. On s&rsquo;\u00e9tait tellement chauff\u00e9, qu&rsquo;aucun pr\u00e9liminaire n&rsquo;a \u00e9t\u00e9 fait. J&rsquo;ai directement rencontr\u00e9 son <a href=\"https:\/\/www.union.fr\/recits\/18-ans-a-peine-20-cm-deja-13385.html#post-13385\">engin<\/a> et il y a une diff\u00e9rence entre le voir et le sentir&#8230;. Croyez moi, c&rsquo;est <strong>au premier coup de rein\u00a0que j&rsquo;ai compris qu&rsquo;il fallait que je me d\u00e9contracte<\/strong>. Notre \u00e9bat a dur\u00e9 45 minutes (il \u00e9tait tr\u00e8s en forme !).<\/p> <p>Une fois termin\u00e9, on a rejoint les autres et <strong>je ne cache pas que j&rsquo;avais un peu mal de m&rsquo;\u00eatre faite p\u00e9n\u00e9tr\u00e9e pendant 45 minutes, par quelque chose d&rsquo;aussi gros<\/strong>. Ce n&rsquo;\u00e9tait pas ma seule douleur&#8230; Prise dans l&rsquo;action et l&rsquo;excitation, je ne pensais m\u00eame plus \u00e0 mes coups de soleil et nous ne nous \u00e9tions m\u00eame pas aper\u00e7us qu&rsquo;en \u00e9tant dans le champ, nous nous faisions d\u00e9vorer par les taons. Si on fait le bilan : une <a href=\"https:\/\/www.union.fr\/recits\/la-judochatte-13337.html#post-13337\">chatte<\/a> \u00e9largie, des coups de soleil et un bras gonfl\u00e9 \u00e0 cause des piq\u00fbres, <strong>on est loin de l&rsquo;exp\u00e9rience romantique<\/strong>&#8230; Il faut avouer que c&rsquo;\u00e9tait quand m\u00eame tr\u00e8s <a href=\"https:\/\/www.union.fr\/recits\/191669-191669.html#post-191669\">excitant<\/a> et contre toute attente, <em>U<\/em>. a appr\u00e9ci\u00e9 cette exp\u00e9rience en plein air !<\/p>  <p><a href=\"https:\/\/boutique.union.fr\"><div class=\"wrap-img\" id=\"wrap-img-357958\"><img loading=\"lazy\" decoding=\"async\" class=\"size-medium wp-image-357958 aligncenter\" src=\"https:\/\/www.union.fr\/wp-content\/uploads\/2021\/06\/prestige-16-widget-4-300x250.png\" alt=\"boutique union\" width=\"300\" height=\"250\" \/><\/div><\/a><\/p> <p><strong>A LIRE AUSSI\u00a0<\/strong><\/p> <p><a href=\"https:\/\/www.union.fr\/recits\/ma-premiere-fois-en-exterieur-342625.html#post-342625\">Ma premi\u00e8re fois en ext\u00e9rieur<\/a><\/p> <p><a href=\"https:\/\/www.union.fr\/recits\/mon-premier-amour-268081.html#post-268081\">Mon premier amour\u00a0<\/a><\/p> <p><a href=\"https:\/\/www.union.fr\/recits\/pipe-plein-air-328446.html#post-328446\">Pipe en plein air<\/a><\/p> ","protected":false},"excerpt":{"rendered":"<p>Notre t\u00e9moin du jour nous partage une exp\u00e9rience avec un ex \u00ab\u00a0\u00e0 grosse bite\u00a0\u00bb qui lui aura laiss\u00e9 des s\u00e9quelles. <\/p>\n","protected":false},"author":7,"featured_media":358356,"comment_status":"open","ping_status":"open","sticky":false,"template":"","format":"standard","meta":{"footnotes":""},"categories":[3,5935,5,2,8,5781],"tags":[2641,154,1289,126,526],"class_list":["post-358205","post","type-post","status-publish","format-standard","has-post-thumbnail","hentry","category-diaporama-accueil","category-masturbation-recits","category-menu_site","category-mise-en-avant","category-recits","category-temoignages-intimes","tag-caresse","tag-erection","tag-grosse-bite","tag-nature","tag-premiere-fois"],"_links":{"self":[{"href":"https:\/\/www.union.fr\/wp-json\/wp\/v2\/posts\/358205","targetHints":{"allow":["GET"]}}],"collection":[{"href":"https:\/\/www.union.fr\/wp-json\/wp\/v2\/posts"}],"about":[{"href":"https:\/\/www.union.fr\/wp-json\/wp\/v2\/types\/post"}],"author":[{"embeddable":true,"href":"https:\/\/www.union.fr\/wp-json\/wp\/v2\/users\/7"}],"replies":[{"embeddable":true,"href":"https:\/\/www.union.fr\/wp-json\/wp\/v2\/comments?post=358205"}],"version-history":[{"count":6,"href":"https:\/\/www.union.fr\/wp-json\/wp\/v2\/posts\/358205\/revisions"}],"predecessor-version":[{"id":447191,"href":"https:\/\/www.union.fr\/wp-json\/wp\/v2\/posts\/358205\/revisions\/447191"}],"wp:featuredmedia":[{"embeddable":true,"href":"https:\/\/www.union.fr\/wp-json\/wp\/v2\/media\/358356"}],"wp:attachment":[{"href":"https:\/\/www.union.fr\/wp-json\/wp\/v2\/media?parent=358205"}],"wp:term":[{"taxonomy":"category","embeddable":true,"href":"https:\/\/www.union.fr\/wp-json\/wp\/v2\/categories?post=358205"},{"taxonomy":"post_tag","embeddable":true,"href":"https:\/\/www.union.fr\/wp-json\/wp\/v2\/tags?post=358205"}],"curies":[{"name":"wp","href":"https:\/\/api.w.org\/{rel}","templated":true}]}}