{"id":369471,"date":"2023-02-01T16:00:30","date_gmt":"2023-02-01T14:00:30","guid":{"rendered":"https:\/\/www.union.fr\/?p=369471"},"modified":"2023-02-01T11:43:06","modified_gmt":"2023-02-01T09:43:06","slug":"conseils-les-culottes-menstruelles-protegent-vraiment","status":"publish","type":"post","link":"https:\/\/www.union.fr\/sexo\/nos-conseils-dexperts\/conseils-les-culottes-menstruelles-protegent-vraiment-369471.html","title":{"rendered":"Est-ce que les culottes menstruelles prot\u00e8gent vraiment ?"},"content":{"rendered":"<p>\u00ab\u00a0<em>Bonjour docteur. Je vois de plus en plus de publicit\u00e9s pour les culottes menstruelles. Moi qui ne supporte pas les tampons, je mets des serviettes. Quelle est la diff\u00e9rence. Ne baigne-t-on pas dans son \u00ab\u00a0jus\u00a0\u00bb avec ce type de culotte ?<\/em>\u00a0\u00bb\u00a0<em><strong>G\u00e9raldine, 21 ans<\/strong><\/em><\/p> <p><a href=\"https:\/\/boutique.union.fr\"><div class=\"wrap-img\" id=\"wrap-img-363056\"><img loading=\"lazy\" decoding=\"async\" itemprop=\"thumbnailUrl\" class=\"size-medium wp-image-363056 aligncenter\" src=\"https:\/\/www.union.fr\/wp-content\/uploads\/2021\/08\/4-300x250.png\" alt=\"\" width=\"300\" height=\"250\" \/><\/div><\/a><\/p> <h2>Le boom des culottes menstruelles<\/h2> <p>Les <strong>culottes menstruelles sont apparues sur le march\u00e9 des <a href=\"https:\/\/www.union.fr\/actus\/protections-hygieniques-enfin-gratuites-328652.html#post-328652\">protections p\u00e9riodiques<\/a> il y a deux ou trois ans<\/strong> et sont maintenant propos\u00e9es par de nombreuses marques de lingerie. D&rsquo;apr\u00e8s les commentaires des fabricants, il s&rsquo;agit d&rsquo;une technologie innovante \u00e0 base de fibres modernes, ayant une forte capacit\u00e9 absorbante.<\/p> <p>Donc, en th\u00e9orie, si vous avez bien choisi la taille, le mod\u00e8le et, surtout, le niveau d&rsquo;absorption (ce qui correspond \u00e0 un flux de r\u00e8gles faible, moyen ou important) <strong>vous ne devez pas avoir le d\u00e9sagr\u00e9able sentiment de baigner dans votre jus<\/strong>, comme vous le dites, car c&rsquo;est justement tout le principe de l&rsquo;offre.<\/p>  <h2>Pour ou contre le syst\u00e8me des culottes menstruelles ?<\/h2> <p>Ceci \u00e9tant dit, il y a comme toujours des arguments pour et des arguments contre. Les <strong>points positifs sont \u00e0 la fois pratiques et \u00e9cologiques<\/strong>, puisqu&rsquo;il n&rsquo;y a plus de risque de serviette hygi\u00e9nique mal positionn\u00e9e, encombrante ou ne restant pas en place et qu&rsquo;il n&rsquo;est plus question de produits jetables \u00e0 usage unique. Ce qui est, vous vous en doutez, dans l&rsquo;air du temps et correspond parfaitement aux enjeux actuels. On s&#8217;emploie \u00e0 ne plus surconsommer et \u00e0 r\u00e9utiliser ce qui peut l&rsquo;\u00eatre en faisant appel \u00e0 des mat\u00e9riaux ad\u00e9quats.<\/p> <p>Le point n\u00e9gatif, en revanche, c&rsquo;est qu&rsquo;<strong>il faut laver les culottes en question<\/strong>. Entre deux et trois par jour et \u00e7a, pendant 5 \u00e0 10 jours, selon que vos r\u00e8gles soient plus ou moins longues&#8230; Or, avant lavage il faut commencer par un rin\u00e7age soigneux et prolong\u00e9 \u00e0 l&rsquo;eau froide pour enlever le sang log\u00e9 dans le tissu et <strong>il n&rsquo;est plus question de s\u00e9chage en machine ou sur radiateur<\/strong> pour ne pas ab\u00eemer les fibres absorbantes.<\/p> <p>Donc c&rsquo;est \u00e0 vous de voir ce qui vous convient le mieux, afin de choisir la bonne m\u00e9thode. Et je dois dire que je connais pas le pourcentage r\u00e9el de femmes ayant opt\u00e9 pour cette solution qui me parait \u00e0 la fois novatrice question confort, mais un peu gal\u00e8re question entretien. Mais je reste convaincu que les couacs li\u00e9s \u00e0 l&rsquo;entretien seront rapidement am\u00e9lior\u00e9s, les techniques avancent si vite.<\/p>  <p><strong>A lire aussi :<\/strong><\/p> <p><a href=\"https:\/\/www.union.fr\/actus\/sexualite-feministe\/conseil-culottes-menstruelles-achat-313973.html#post-313973\">La folie des culottes menstruelles, pourquoi \u00e7a cartonne ?<\/a><\/p> <p><a href=\"https:\/\/www.union.fr\/actus\/281410-281410.html#post-281410\">La culotte qui prot\u00e8ge l&rsquo;intimit\u00e9 quand on va chez le gyn\u00e9cologue\u00a0<\/a><\/p> <p><a href=\"https:\/\/www.union.fr\/sexo\/hygiene-intime-bonnes-habitudes-a-prendre-304566.html\">Hygi\u00e8ne intime f\u00e9minine : les bonnes habitudes \u00e0 prendre !\u00a0<\/a><\/p> <p><a href=\"https:\/\/livecam.union.fr\/fr\/\"><div class=\"wrap-img\" id=\"wrap-img-367687\"><img loading=\"lazy\" decoding=\"async\" class=\"size-medium wp-image-367687 aligncenter\" src=\"https:\/\/www.union.fr\/wp-content\/uploads\/2021\/09\/2-2-300x250.png\" alt=\"\" width=\"300\" height=\"250\" \/><\/div><\/a><\/p> ","protected":false},"excerpt":{"rendered":"<p>\u00ab\u00a0Bonjour docteur. Je vois de plus en plus de publicit\u00e9s pour les culottes menstruelles. Moi qui ne supporte pas les tampons, je mets des serviettes. Quelle est la diff\u00e9rence. Ne baigne-t-on pas dans son \u00ab\u00a0jus\u00a0\u00bb avec ce type de culotte ?\u00a0\u00bb\u00a0G\u00e9raldine, 21 ans Le boom des culottes menstruelles Les culottes menstruelles sont apparues sur le [&hellip;]<\/p>\n","protected":false},"author":7,"featured_media":369559,"comment_status":"open","ping_status":"open","sticky":false,"template":"","format":"standard","meta":{"footnotes":""},"categories":[3,5,29,175],"tags":[5579,1106,5967,6536],"class_list":["post-369471","post","type-post","status-publish","format-standard","has-post-thumbnail","hentry","category-diaporama-accueil","category-menu_site","category-nos-conseils-dexperts","category-femme","tag-culotte-menstruelle","tag-menstruation","tag-protection-hygienique","tag-protection-periodique"],"_links":{"self":[{"href":"https:\/\/www.union.fr\/wp-json\/wp\/v2\/posts\/369471","targetHints":{"allow":["GET"]}}],"collection":[{"href":"https:\/\/www.union.fr\/wp-json\/wp\/v2\/posts"}],"about":[{"href":"https:\/\/www.union.fr\/wp-json\/wp\/v2\/types\/post"}],"author":[{"embeddable":true,"href":"https:\/\/www.union.fr\/wp-json\/wp\/v2\/users\/7"}],"replies":[{"embeddable":true,"href":"https:\/\/www.union.fr\/wp-json\/wp\/v2\/comments?post=369471"}],"version-history":[{"count":5,"href":"https:\/\/www.union.fr\/wp-json\/wp\/v2\/posts\/369471\/revisions"}],"predecessor-version":[{"id":410600,"href":"https:\/\/www.union.fr\/wp-json\/wp\/v2\/posts\/369471\/revisions\/410600"}],"wp:featuredmedia":[{"embeddable":true,"href":"https:\/\/www.union.fr\/wp-json\/wp\/v2\/media\/369559"}],"wp:attachment":[{"href":"https:\/\/www.union.fr\/wp-json\/wp\/v2\/media?parent=369471"}],"wp:term":[{"taxonomy":"category","embeddable":true,"href":"https:\/\/www.union.fr\/wp-json\/wp\/v2\/categories?post=369471"},{"taxonomy":"post_tag","embeddable":true,"href":"https:\/\/www.union.fr\/wp-json\/wp\/v2\/tags?post=369471"}],"curies":[{"name":"wp","href":"https:\/\/api.w.org\/{rel}","templated":true}]}}