{"id":383632,"date":"2022-03-13T12:00:38","date_gmt":"2022-03-13T10:00:38","guid":{"rendered":"https:\/\/www.union.fr\/?p=383632"},"modified":"2022-03-09T18:07:53","modified_gmt":"2022-03-09T16:07:53","slug":"tasp-vih-intransmissible","status":"publish","type":"post","link":"https:\/\/www.union.fr\/sexo\/tasp-vih-intransmissible-383632.html","title":{"rendered":"Le TasP : tout savoir sur ce traitement qui rend le VIH intransmissible"},"content":{"rendered":"<p>L\u2019un des derniers bulletins \u00e9pid\u00e9miologiques hebdomadaires (nov. 2021) propos\u00e9s par <strong>Sant\u00e9 Publique France<\/strong> rapporte la connaissance de l\u2019effet pr\u00e9ventif du traitement antir\u00e9troviral (TasP) chez les hommes ayant des rapports sexuels avec des hommes en France en 2021. Voici donc les r\u00e9sultats de l\u2019enqu\u00eate <em>Rapports au sexe, Annie Velter et coll., Sant\u00e9 publique France<\/em><\/p> <p><a href=\"https:\/\/boutique.union.fr\/\"><div class=\"wrap-img\" id=\"wrap-img-367681\"><img loading=\"lazy\" decoding=\"async\" itemprop=\"thumbnailUrl\" class=\"size-medium wp-image-367681 aligncenter\" src=\"https:\/\/www.union.fr\/wp-content\/uploads\/2021\/09\/6-300x250.png\" alt=\"\" width=\"300\" height=\"250\" \/><\/div><\/a><\/p> <h2>C&rsquo;est quoi le TasP ?<\/h2> <p>Il y a plus d\u2019une d\u00e9cennie, <strong>l\u2019effet pr\u00e9ventif du traitement antir\u00e9troviral contre le <a href=\"https:\/\/www.union.fr\/sexo\/sexualite-et-sante\/sexualite-sante-vih-progres-traitment-372761.html#post-372761\">VIH<\/a><\/strong>, appel\u00e9 \u00ab TasP \u00bb, a \u00e9t\u00e9 d\u00e9montr\u00e9 scientifiquement.<\/p> <p>Une personne s\u00e9ropositive sous traitement avec une charge virale ind\u00e9tectable <strong>ne peut pas transmettre le virus<\/strong>.<\/p> <p>L\u2019objectif de cet article est d\u2019\u00e9valuer le niveau de connaissance du TasP parmi les hommes ayant des rapports sexuels avec des hommes en 2021. Mais aussi de d\u00e9crire leurs caract\u00e9ristiques selon leur statut VIH d\u00e9clar\u00e9 et les facteurs associ\u00e9s \u00e0 cette connaissance.<\/p> <p>Les donn\u00e9es sont issues de l\u2019enqu\u00eate <em>Rapport au sexe<\/em> (Eras) 2021. Il s&rsquo;agit d&rsquo;une enqu\u00eate en ligne transversale et anonyme, auto-administr\u00e9e et bas\u00e9e sur le volontariat.<\/p> <p><a href=\"https:\/\/video.union.fr\/sextape-\/sextape-katy\"><div class=\"wrap-img\" id=\"wrap-img-379986\"><img loading=\"lazy\" decoding=\"async\" class=\"size-medium wp-image-379986 aligncenter\" src=\"https:\/\/www.union.fr\/wp-content\/uploads\/2022\/02\/7-300x250.png\" alt=\"\" width=\"300\" height=\"250\" \/><\/div><\/a><\/p> <h2>Une trop grande m\u00e9connaissance ?<\/h2> <p><strong>Parmi les 14 706 r\u00e9pondants inclus dans l\u2019analyse<\/strong>, r\u00e9sidant en France et ayant eu au moins un rapport sexuel avec un homme au cours de leur vie :<\/p> <ul> <li>60,5% connaissent le TasP<\/li> <li>92,4% parmi les s\u00e9ropositifs au VIH<\/li> <li>58,2% parmi les s\u00e9ron\u00e9gatifs ou ceux m\u00e9connaissant leur statut <a href=\"https:\/\/www.union.fr\/actus\/transmet-virus-vih-a-femme-lui-cache-de-peur-de-perdre-180271.html#post-180271\">VIH<\/a>.<\/li> <\/ul> <p>Les r\u00e9gressions logistiques montrent, avec des niveaux diff\u00e9rents selon le statut VIH des r\u00e9pondants. Un faible niveau d\u2019\u00e9tude, une situation financi\u00e8re per\u00e7ue comme difficile, un niveau de litt\u00e9ratie en sant\u00e9 faible ou encore le fait de ne pas se d\u00e9finir <a href=\"https:\/\/www.union.fr\/actus\/buzz\/tous-les-homosexuels-ne-sattribuent-pas-des-roles-de-dominant-ou-de-domine-258941.html#post-258941\">homosexuel <\/a>\u00e9taient associ\u00e9s \u00e0 une moindre connaissance.<\/p> <p>Inversement, <strong>le fait de vivre en milieu urbain, de fr\u00e9quenter la communaut\u00e9 gay<\/strong> ou les services de soins li\u00e9s au <a href=\"https:\/\/www.union.fr\/actus\/vaches-pourraient-etre-cle-vaincre-virus-vih-174290.html#post-174290\">VIH <\/a>\u00e9taient associ\u00e9s positivement \u00e0 la connaissance du TasP.<\/p> <p>La poursuite des campagnes de vulgarisation du TasP est primordiale. Que ce soit par le biais des canaux associatifs, communautaires, sanitaires mais aussi grand public, avec pour objectif d\u2019am\u00e9liorer les connaissances sur le VIH et de r\u00e9duire la stigmatisation li\u00e9e au VIH.<\/p> <p>Pour plus d\u2019informations :<\/p> <p><a href=\"https:\/\/www.sexosafe.fr\/?gclid=CjwKCAiAvaGRBhBlEiwAiY-yMKXKJ8tYQMIPbLyuUbPezHy8AiDrP7dhywoutpoW-YJOYhymCWN0MBoCX2AQAvD_BwE&amp;gclsrc=aw.ds\">https:\/\/www.sexosafe.fr\/<\/a><\/p> <p><a href=\"https:\/\/livecam.union.fr\/fr\/\"><div class=\"wrap-img\" id=\"wrap-img-367689\"><img loading=\"lazy\" decoding=\"async\" class=\"size-medium wp-image-367689 aligncenter\" src=\"https:\/\/www.union.fr\/wp-content\/uploads\/2021\/09\/4-2-300x250.png\" alt=\"\" width=\"300\" height=\"250\" \/><\/div><\/a><\/p> <p>(Source image \u00e0 la une : Shutterstock)<\/p> <p><strong>A lire aussi :\u00a0<\/strong><\/p> <p><a href=\"https:\/\/www.union.fr\/actus\/a-voir-a-faire\/qiss-lapplication-sensibilise-jeunes-vih-167461.html#post-167461\">Qiss : l&rsquo;application qui sensibilise les jeunes au VIH<\/a><\/p> <p><a href=\"https:\/\/www.union.fr\/actus\/grand-format\/vih-le-depistage-a-domicile-vu-par-une-pharmacienne-146108.html#post-146108\">VIH, le test de d\u00e9pistage \u00e0 domicile vu par une pharmacienne<\/a><\/p> <p><a href=\"https:\/\/www.union.fr\/actus\/scenes-de-sexe-retournees-374979.html#post-374979\">Le sidaction rajoute des pr\u00e9servatifs dans des sc\u00e8nes de sexe cultes !<\/a><\/p>  ","protected":false},"excerpt":{"rendered":"<p>Connaissez vous le TasP ? Si non, vous n&rsquo;\u00eates pas seul ! Cet effet pr\u00e9ventif du traitement antir\u00e9trovirale du VIH est encore m\u00e9connu du grand public. <\/p>\n","protected":false},"author":15371,"featured_media":383684,"comment_status":"open","ping_status":"open","sticky":false,"template":"","format":"standard","meta":{"footnotes":""},"categories":[3,36,5,2,38,178,15,27],"tags":[486,1657,6804,442],"class_list":["post-383632","post","type-post","status-publish","format-standard","has-post-thumbnail","hentry","category-diaporama-accueil","category-maladies-et-sexualite","category-menu_site","category-mise-en-avant","category-protection-et-prevention","category-ist-mst","category-sexo","category-sexualite-et-sante","tag-prevention","tag-sante","tag-tasp","tag-vih"],"_links":{"self":[{"href":"https:\/\/www.union.fr\/wp-json\/wp\/v2\/posts\/383632","targetHints":{"allow":["GET"]}}],"collection":[{"href":"https:\/\/www.union.fr\/wp-json\/wp\/v2\/posts"}],"about":[{"href":"https:\/\/www.union.fr\/wp-json\/wp\/v2\/types\/post"}],"author":[{"embeddable":true,"href":"https:\/\/www.union.fr\/wp-json\/wp\/v2\/users\/15371"}],"replies":[{"embeddable":true,"href":"https:\/\/www.union.fr\/wp-json\/wp\/v2\/comments?post=383632"}],"version-history":[{"count":3,"href":"https:\/\/www.union.fr\/wp-json\/wp\/v2\/posts\/383632\/revisions"}],"predecessor-version":[{"id":383758,"href":"https:\/\/www.union.fr\/wp-json\/wp\/v2\/posts\/383632\/revisions\/383758"}],"wp:featuredmedia":[{"embeddable":true,"href":"https:\/\/www.union.fr\/wp-json\/wp\/v2\/media\/383684"}],"wp:attachment":[{"href":"https:\/\/www.union.fr\/wp-json\/wp\/v2\/media?parent=383632"}],"wp:term":[{"taxonomy":"category","embeddable":true,"href":"https:\/\/www.union.fr\/wp-json\/wp\/v2\/categories?post=383632"},{"taxonomy":"post_tag","embeddable":true,"href":"https:\/\/www.union.fr\/wp-json\/wp\/v2\/tags?post=383632"}],"curies":[{"name":"wp","href":"https:\/\/api.w.org\/{rel}","templated":true}]}}