{"id":390395,"date":"2022-06-04T11:41:12","date_gmt":"2022-06-04T09:41:12","guid":{"rendered":"https:\/\/www.union.fr\/?p=390395"},"modified":"2022-06-04T11:41:12","modified_gmt":"2022-06-04T09:41:12","slug":"femmes-on-aime-diffuse-soir-canal","status":"publish","type":"post","link":"https:\/\/www.union.fr\/videos\/femmes-on-aime-diffuse-soir-canal-390395.html","title":{"rendered":"\u00ab\u00a0Femmes on vous aime\u00a0\u00bb est diffus\u00e9 ce soir sur Canal + !"},"content":{"rendered":"<p>Retrouvez le dernier film produit par<strong> Union sur la cha\u00eene Canal + ce soir \u00e0 minuit<\/strong> !<\/p> <p>\u00ab\u00a0Femmes on vous aime\u00a0\u00bb, c&rsquo;est une ode po\u00e9tique et sensuelle qui suit le parcours de trois femmes &#8211; Prudence, Clara, Marina &#8211; dans leur exploration sensuelle et sexuelle.<\/p> <p>R\u00e9alis\u00e9 par Cosmo Liveti, retrouvez au casting : Cl\u00e9a Gaultier, Kitana Lure, Clara Mia, Ania Kinski, Chlo\u00e9 Duval,\u00a0 Allison Borromeo, Elisa Calvi.<\/p> <p><strong>A lire aussi<\/strong> :<\/p> <p><a href=\"https:\/\/www.union.fr\/actus\/interviews\/interview-pros-du-sexe\/interview-ania-kinsi-femme-aime-canal-porno-389127.html\">Interview d&rsquo;Ania Kinski<\/a> &#8211; <a href=\"https:\/\/www.union.fr\/actus\/interviews\/interview-pros-du-sexe\/interview-clea-gaultier-actrice-porno-389192.html\">Interview de Cl\u00e9a Gaultier<\/a><\/p>  ","protected":false},"excerpt":{"rendered":"<p>Retrouvez le dernier long m\u00e9trage porno et esth\u00e9tique produit par Union, \u00ab\u00a0Femmes on vous aime\u00a0\u00bb, ce soir \u00e0 minuit sur Canal + !<\/p>\n","protected":false},"author":7,"featured_media":390400,"comment_status":"open","ping_status":"open","sticky":false,"template":"","format":"standard","meta":{"footnotes":""},"categories":[24,3,5,7],"tags":[],"class_list":["post-390395","post","type-post","status-publish","format-standard","has-post-thumbnail","hentry","category-dans-les-coulisses-dunion","category-diaporama-accueil","category-menu_site","category-videos"],"_links":{"self":[{"href":"https:\/\/www.union.fr\/wp-json\/wp\/v2\/posts\/390395","targetHints":{"allow":["GET"]}}],"collection":[{"href":"https:\/\/www.union.fr\/wp-json\/wp\/v2\/posts"}],"about":[{"href":"https:\/\/www.union.fr\/wp-json\/wp\/v2\/types\/post"}],"author":[{"embeddable":true,"href":"https:\/\/www.union.fr\/wp-json\/wp\/v2\/users\/7"}],"replies":[{"embeddable":true,"href":"https:\/\/www.union.fr\/wp-json\/wp\/v2\/comments?post=390395"}],"version-history":[{"count":1,"href":"https:\/\/www.union.fr\/wp-json\/wp\/v2\/posts\/390395\/revisions"}],"predecessor-version":[{"id":390404,"href":"https:\/\/www.union.fr\/wp-json\/wp\/v2\/posts\/390395\/revisions\/390404"}],"wp:featuredmedia":[{"embeddable":true,"href":"https:\/\/www.union.fr\/wp-json\/wp\/v2\/media\/390400"}],"wp:attachment":[{"href":"https:\/\/www.union.fr\/wp-json\/wp\/v2\/media?parent=390395"}],"wp:term":[{"taxonomy":"category","embeddable":true,"href":"https:\/\/www.union.fr\/wp-json\/wp\/v2\/categories?post=390395"},{"taxonomy":"post_tag","embeddable":true,"href":"https:\/\/www.union.fr\/wp-json\/wp\/v2\/tags?post=390395"}],"curies":[{"name":"wp","href":"https:\/\/api.w.org\/{rel}","templated":true}]}}