{"id":405866,"date":"2022-10-10T16:00:35","date_gmt":"2022-10-10T14:00:35","guid":{"rendered":"https:\/\/www.union.fr\/?p=405866"},"modified":"2022-10-10T13:02:19","modified_gmt":"2022-10-10T11:02:19","slug":"suis-je-devenu-obsede-sexuel","status":"publish","type":"post","link":"https:\/\/www.union.fr\/sexo\/suis-je-devenu-obsede-sexuel-405866.html","title":{"rendered":"Suis-je devenu obs\u00e9d\u00e9 sexuel ?"},"content":{"rendered":"<p class=\"p1\"><em>\u00ab\u00a0Cher Docteur, j\u2019ai toujours eu une sexualit\u00e9 classique. Presque plan-plan. Je n\u2019ai jamais \u00e9t\u00e9 mari\u00e9 et je me satisfaisais d\u2019aventures plus ou moins longues sans extravagances. Et depuis quelques mois, sans que je ne n\u2019identifie les causes, je me caresse, je drague sur les <a href=\"https:\/\/www.union.fr\/sexo\/addicte-sites-de-rencontres-405570.html\">sites<\/a> sp\u00e9cialis\u00e9s. Je recherche les clubs et j\u2019ai l\u2019impression de vivre comme un d\u00e9bauch\u00e9. Plus j\u2019en ai, plus j\u2019en veux\u2026 Est-ce la crise de la cinquantaine ou bien <strong>suis-je devenu obs\u00e9d\u00e9 sexuel<\/strong> du jour au lendemain ?\u00a0\u00bb<\/em> Denis, 52 ans<\/p> <p><a href=\"http:\/\/https:\/\/boutique.union.fr\/\"><div class=\"wrap-img\" id=\"wrap-img-371158\"><img loading=\"lazy\" decoding=\"async\" itemprop=\"thumbnailUrl\" class=\"size-medium wp-image-371158 aligncenter\" src=\"https:\/\/www.union.fr\/wp-content\/uploads\/2021\/10\/la-boutique-union-300x250.png\" alt=\"\" width=\"300\" height=\"250\" \/><\/div><\/a><\/p> <h2>Suis-je devenu obs\u00e9d\u00e9 sexuel ? Notre sexologue r\u00e9pond :<\/h2> <p class=\"p1\">Je n\u2019ai jamais vu quelqu\u2019un devenir obs\u00e9d\u00e9 sexuel brutalement, <strong>sans qu\u2019il ne se soit pass\u00e9 quelque chose de particulier<\/strong> en termes d\u2019\u00e9v\u00e9nement de vie. Par exemple, on peut avoir pendant tr\u00e8s longtemps une vie sexuelle plan-plan, selon le terme que vous utilisez, avant de vivre une aventure tr\u00e8s \u00ab\u00a0hot\u00a0\u00bb qui<strong> d\u00e9clenche une attente diff\u00e9rente<\/strong> et un changement de comportement, m\u00eame avec d\u2019autres <a href=\"https:\/\/www.union.fr\/sexo\/copain-plusieurs-partenaires-sexuels-404368.html\">partenaires<\/a>. Mais si c\u2019\u00e9tait le cas je pense que vous l\u2019auriez d\u00e9j\u00e0 compris et ce qui vous arrive est typique de<strong> la crise de la cinquantaine<\/strong>, \u00e9galement appel\u00e9e <a href=\"https:\/\/www.union.fr\/sexo\/le-coin-love\/relation-de-couple\/confinement-couple-gerer-crise-315428.html\">crise<\/a> du milieu de vie. En effet, c\u2019est en atteignant 50 ans que l\u2019on se rend compte que le temps v\u00e9cu est sup\u00e9rieur au temps \u00e0 vivre et cette prise de conscience provoque chez de nombreux \u00eatres <strong>un sentiment d\u2019urgence<\/strong>. En r\u00e9sum\u00e9, alors que vous vous contentiez d\u2019exp\u00e9riences sexuelles sans grande fantaisie, vous avez<span class=\"Apple-converted-space\" >\u00a0<\/span>tout \u00e0 coup eu la crainte de passer \u00e0 c\u00f4t\u00e9 de certaines choses de l\u2019existence. Cela n\u2019est pas arriv\u00e9 le jour-m\u00eame de vos 50 ans, bien s\u00fbr, il vous a fallu un certain temps pour en arriver progressivement \u00e0 vous lancer dans de nouvelles aventures et vous avez envie de mettre les bouch\u00e9es doubles tant que cela est possible.<\/p> <p><strong>A lire aussi :<\/strong><\/p> <p><a href=\"https:\/\/www.union.fr\/sexo\/je-ne-comprends-pas-pourquoi-le-libertinage-me-deprime-pouvez-vous-maider-14575.html\">Je ne comprend pas pourquoi le libertinage me d\u00e9prime, pouvez-vous m&rsquo;aider ?<\/a><\/p> <p><a href=\"https:\/\/www.union.fr\/sexo\/nos-conseils-dexperts\/conseils-sexo-libertin-vierge-comment-faire-14978.html\">Comment concilier ses envies libertines et sa virginit\u00e9 ?<\/a><\/p> <p><a href=\"https:\/\/www.union.fr\/sexo\/libertinage\/joies-du-libertinage-344581.html\">On ose les joies du libertinage<\/a><\/p> <p><a href=\"http:\/\/https:\/\/livecam.union.fr\/fr\/\"><div class=\"wrap-img\" id=\"wrap-img-373776\"><img loading=\"lazy\" decoding=\"async\" class=\"size-medium wp-image-373776 aligncenter\" src=\"https:\/\/www.union.fr\/wp-content\/uploads\/2021\/11\/2-1-300x250.png\" alt=\"\" width=\"300\" height=\"250\" \/><\/div><\/a><\/p> ","protected":false},"excerpt":{"rendered":"<p>Je m&rsquo;appelle Denis, j&rsquo;ai 52 ans et depuis quelques temps, j&rsquo;ai l&rsquo;impression de vivre comme un d\u00e9bauch\u00e9. Suis-je devenu un obs\u00e9d\u00e9 sexuel ? <\/p>\n","protected":false},"author":7,"featured_media":405900,"comment_status":"open","ping_status":"open","sticky":false,"template":"","format":"standard","meta":{"footnotes":""},"categories":[3,5,29,15],"tags":[6329,7047,446],"class_list":["post-405866","post","type-post","status-publish","format-standard","has-post-thumbnail","hentry","category-diaporama-accueil","category-menu_site","category-nos-conseils-dexperts","category-sexo","tag-crise","tag-obsede-sexuel","tag-sexualite"],"_links":{"self":[{"href":"https:\/\/www.union.fr\/wp-json\/wp\/v2\/posts\/405866","targetHints":{"allow":["GET"]}}],"collection":[{"href":"https:\/\/www.union.fr\/wp-json\/wp\/v2\/posts"}],"about":[{"href":"https:\/\/www.union.fr\/wp-json\/wp\/v2\/types\/post"}],"author":[{"embeddable":true,"href":"https:\/\/www.union.fr\/wp-json\/wp\/v2\/users\/7"}],"replies":[{"embeddable":true,"href":"https:\/\/www.union.fr\/wp-json\/wp\/v2\/comments?post=405866"}],"version-history":[{"count":1,"href":"https:\/\/www.union.fr\/wp-json\/wp\/v2\/posts\/405866\/revisions"}],"predecessor-version":[{"id":405901,"href":"https:\/\/www.union.fr\/wp-json\/wp\/v2\/posts\/405866\/revisions\/405901"}],"wp:featuredmedia":[{"embeddable":true,"href":"https:\/\/www.union.fr\/wp-json\/wp\/v2\/media\/405900"}],"wp:attachment":[{"href":"https:\/\/www.union.fr\/wp-json\/wp\/v2\/media?parent=405866"}],"wp:term":[{"taxonomy":"category","embeddable":true,"href":"https:\/\/www.union.fr\/wp-json\/wp\/v2\/categories?post=405866"},{"taxonomy":"post_tag","embeddable":true,"href":"https:\/\/www.union.fr\/wp-json\/wp\/v2\/tags?post=405866"}],"curies":[{"name":"wp","href":"https:\/\/api.w.org\/{rel}","templated":true}]}}