{"id":411480,"date":"2023-03-10T16:00:26","date_gmt":"2023-03-10T14:00:26","guid":{"rendered":"https:\/\/www.union.fr\/?p=411480"},"modified":"2023-03-09T18:20:08","modified_gmt":"2023-03-09T16:20:08","slug":"covid-19-vaccin-affectent-fertilite","status":"publish","type":"post","link":"https:\/\/www.union.fr\/sexo\/covid-19-vaccin-affectent-fertilite-411480.html","title":{"rendered":"Le Covid-19 et le vaccin affectent-ils votre fertilit\u00e9 ?"},"content":{"rendered":"<p>Bien qu&rsquo;il y ait peu de donn\u00e9es dans ce domaine, les preuves \u00e9mergentes sugg\u00e8rent le <strong>Covid-19<\/strong> peut avoir un impact sur l&rsquo;\u00e9quilibre <strong>hormonal. <\/strong>Cependant, les donn\u00e9es sont limit\u00e9es, il peut donc \u00eatre judicieux de v\u00e9rifier votre \u00e9quilibre<strong> hormonal<\/strong> si vos<a href=\"https:\/\/www.union.fr\/sexo\/arrive-pas-faire-amour-regles-405120.html#post-405120\"><strong> r\u00e8gles<\/strong><\/a> ont chang\u00e9 de nature ou de fr\u00e9quence apr\u00e8s avoir contract\u00e9 le <strong>Covid-19<\/strong> ou apr\u00e8s avoir \u00e9t\u00e9 <strong>vaccin\u00e9e<\/strong>, avant d&rsquo;envisager une grossesse. (source:\u00a0intimina.com)<\/p>   <p><a href=\"https:\/\/video.union.fr\/voulez-vous-poser-pour-moi\/voulez-vous-poser-pour-moi-emmy-\"><div class=\"wrap-img\" id=\"wrap-img-411406\"><img loading=\"lazy\" decoding=\"async\" itemprop=\"thumbnailUrl\" class=\"aligncenter wp-image-411406 size-medium\" src=\"https:\/\/www.union.fr\/wp-content\/uploads\/2023\/03\/sans-titre2-300x250.jpg\" alt=\"\" width=\"300\" height=\"250\" \/><\/div><\/a><\/p> <h2><strong>Le COVID-19 est-il cause la cause d&rsquo;infertilit\u00e9 ?<\/strong><\/h2> <p>Dans une recherche publi\u00e9e en novembre 2020, une \u00e9quipe de l\u2019Universit\u00e9 de Miami dirig\u00e9e par l\u2019urologue Ranjith Ramasamy, relatait l\u2019autopsie de six hommes d\u00e9c\u00e9d\u00e9s de la <strong>COVID-19<\/strong>. Les chercheurs avaient observ\u00e9 une diminution du nombre de <strong>spermatozo\u00efdes<\/strong> dans la moiti\u00e9 des cas.<strong> Le virus avait \u00e9galement \u00e9t\u00e9 d\u00e9tect\u00e9<\/strong> dans les <strong>testicules<\/strong> d\u2019un des sujets. De plus, une biopsie r\u00e9alis\u00e9e sur les <a href=\"https:\/\/www.union.fr\/sexo\/sexo-union-mon-copain-souffre-des-testicules-lorsque-je-le-chauffe-est-ce-normal-402024.html#post-402024\">testicules<\/a> d\u2019un survivant de la maladie, <strong>trois mois apr\u00e8s sa gu\u00e9rison<\/strong>, avait montr\u00e9 la pr\u00e9sence du<strong> virus<\/strong>. Enfin, lors d\u2019une chirurgie visant \u00e0 installer un implant dans le p\u00e9nis de deux hommes souffrant de dysfonction<strong> \u00e9rectile<\/strong>, l\u2019analyse des tissus a aussi r\u00e9v\u00e9l\u00e9\u00a0des traces du virus neuf mois apr\u00e8s l\u2019infection.\u00ab\u00a0<em>Les scientifiques savent que d\u2019autres virus envahissent les testicules et affectent la production du sperme et la fertilit\u00e9<\/em>\u00a0\u00bb, \u00e9crivait Ranjith Ramasamy quelques mois plus tard dans un texte du site interuniversitaire\u00a0<em>The Conversation<\/em>.<\/p>   <p><a href=\"https:\/\/livecam.union.fr\/fr\/model\/paulettelove\/##\"><div class=\"wrap-img\" id=\"wrap-img-373776\"><img loading=\"lazy\" decoding=\"async\" class=\"aligncenter wp-image-373776 size-medium\" src=\"https:\/\/www.union.fr\/wp-content\/uploads\/2021\/11\/2-1-300x250.png\" alt=\"\" width=\"300\" height=\"250\" \/><\/div><\/a><\/p> <h2>COVID19 et la fertilit\u00e9 masculine<\/h2> <p>Lorsqu\u2019un homme est infect\u00e9 par le virus de la<a href=\"https:\/\/www.union.fr\/actus\/covid-reduit-taille-de-penis-378754.html#post-378754\"> COVID-19<\/a>, la r\u00e9ponse inflammatoire qui s\u2019ensuit perturbe la barri\u00e8re <strong>sang-testicule<\/strong>, permettant au virus d\u2019atteindre le <strong>syst\u00e8me reproducteur<\/strong>, r\u00e9sumait le biologiste Robert John Aitken dans une lettre\u00a0\u00a0\u00e0 la revue\u00a0<em>Andrology<\/em>\u00a0en ao\u00fbt dernier. Le virus peut alors<strong> p\u00e9n\u00e9trer<\/strong> dans les cellules gr\u00e2ce \u00e0 son r\u00e9cepteur, <strong>la prot\u00e9ine\u00a0ACE-2<\/strong>. Cette prot\u00e9ine serait exprim\u00e9e non seulement dans les <strong>voies respiratoires<\/strong>, mais \u00e9galement dans les <strong>testicules<\/strong>, en particulier dans les cellules de Leydig produisant la testost\u00e9rone, selon le r\u00e9sum\u00e9 des six autopsies publi\u00e9 en 2020. Les patients touch\u00e9s par la <strong>COVID-19<\/strong> auraient d\u2019ailleurs des taux plus bas de cette<strong> hormone<\/strong>, poursuit Jhon Aitken.<br \/> (Source: Agence science presse)<\/p> <p><em>(Image \u00e0 la une : Shutterstock)<\/em><\/p> <p><strong>A lire aussi :<\/strong><\/p> <p><a href=\"https:\/\/www.union.fr\/sexo\/nos-conseils-dexperts\/homme\/labstinence-a-t-elle-une-influence-sur-le-volume-de-sperme-et-la-fertilite-14864.html#post-14864\">L&rsquo;abstinence a-t-elle une influence sur le volume de sperme et de le fertilit\u00e9?<\/a><\/p> <p><a href=\"https:\/\/www.union.fr\/sexo\/sexualite-et-sante\/reproduction\/fertilite-faut-apprendre-aux-jeunes-a-prendre-soin-313815.html#post-313815\">Fertilit\u00e9 : il faut apprendre aux jeunes a en prendre soins<\/a><\/p> <p><a href=\"https:\/\/www.union.fr\/sexo\/sexo-union-porn-suis-je-allergique-au-sperme-396878.html#post-396878\">Suis-je allergique au sperme ?<\/a><\/p> ","protected":false},"excerpt":{"rendered":"<p>Est-ce vrai que Le COVID19 et le vaccin peuvent affecter la fertilit\u00e9 ? Voici l&rsquo;avis de plusieurs sp\u00e9cialistes sur cette question.<\/p>\n","protected":false},"author":7,"featured_media":313818,"comment_status":"open","ping_status":"open","sticky":false,"template":"","format":"standard","meta":{"footnotes":""},"categories":[3,2,15,27],"tags":[6188,806,828],"class_list":["post-411480","post","type-post","status-publish","format-standard","has-post-thumbnail","hentry","category-diaporama-accueil","category-mise-en-avant","category-sexo","category-sexualite-et-sante","tag-covid19","tag-fertilite","tag-vaccin","google_news_tags-sexo"],"_links":{"self":[{"href":"https:\/\/www.union.fr\/wp-json\/wp\/v2\/posts\/411480","targetHints":{"allow":["GET"]}}],"collection":[{"href":"https:\/\/www.union.fr\/wp-json\/wp\/v2\/posts"}],"about":[{"href":"https:\/\/www.union.fr\/wp-json\/wp\/v2\/types\/post"}],"author":[{"embeddable":true,"href":"https:\/\/www.union.fr\/wp-json\/wp\/v2\/users\/7"}],"replies":[{"embeddable":true,"href":"https:\/\/www.union.fr\/wp-json\/wp\/v2\/comments?post=411480"}],"version-history":[{"count":8,"href":"https:\/\/www.union.fr\/wp-json\/wp\/v2\/posts\/411480\/revisions"}],"predecessor-version":[{"id":411635,"href":"https:\/\/www.union.fr\/wp-json\/wp\/v2\/posts\/411480\/revisions\/411635"}],"wp:featuredmedia":[{"embeddable":true,"href":"https:\/\/www.union.fr\/wp-json\/wp\/v2\/media\/313818"}],"wp:attachment":[{"href":"https:\/\/www.union.fr\/wp-json\/wp\/v2\/media?parent=411480"}],"wp:term":[{"taxonomy":"category","embeddable":true,"href":"https:\/\/www.union.fr\/wp-json\/wp\/v2\/categories?post=411480"},{"taxonomy":"post_tag","embeddable":true,"href":"https:\/\/www.union.fr\/wp-json\/wp\/v2\/tags?post=411480"}],"curies":[{"name":"wp","href":"https:\/\/api.w.org\/{rel}","templated":true}]}}