{"id":414357,"date":"2023-05-20T16:00:19","date_gmt":"2023-05-20T14:00:19","guid":{"rendered":"https:\/\/www.union.fr\/?p=414357"},"modified":"2023-05-19T18:46:37","modified_gmt":"2023-05-19T16:46:37","slug":"bisexualite-masculine-toujours-grand-tabou","status":"publish","type":"post","link":"https:\/\/www.union.fr\/sexo\/bisexualite-masculine-toujours-grand-tabou-414357.html","title":{"rendered":"La bisexualit\u00e9 masculine\u00a0: toujours un grand tabou ?"},"content":{"rendered":"<p>Chez les <strong>hommes<\/strong>, la <strong>bisexualit\u00e9<\/strong> est \u00e9troitement li\u00e9e \u00e0 <a href=\"https:\/\/www.union.fr\/actus\/interviews\/interview-sonia-franck-bi-fiers-410270.html#post-410270\">l\u2019homosexualit\u00e9<\/a>, ce qui, tr\u00e8s souvent, peut entra\u00eener de profonds sentiments de culpabilit\u00e9. Et de rejet aussi car les bi hommes sont souvent qualifi\u00e9s par les<strong> homosexuels<\/strong> de gais qui ne s\u2019assument pas.<\/p> <p>Aujourd\u2019hui, dans les m\u00e9dias (films, \u00e9missions, dossiers presse\u2026), la <strong>bisexualit\u00e9 f\u00e9minine<\/strong> est souvent repr\u00e9sent\u00e9e, alors que les mod\u00e8les<strong> bisexuels masculins<\/strong> sont quasiment absents, ce qui fait dire \u00e0 la sexologue Mireille Saint Pierre\u00a0: \u00ab\u00a0Il y a cette pression sur les hommes d\u2019\u00eatre virils, et c\u2019est comme si avoir une attirance envers le m\u00eame <strong>sexe<\/strong> faisait d\u2019eux des <strong>hommes<\/strong> moindres.\u00a0\u00bb<\/p>  <p><a href=\"https:\/\/www.union.fr\/wp-content\/uploads\/2023\/04\/widget_vod_rondesrevanche.jpg\"><div class=\"wrap-img\" id=\"wrap-img-413769\"><img loading=\"lazy\" decoding=\"async\" itemprop=\"thumbnailUrl\" class=\"size-medium wp-image-413769 aligncenter\" src=\"https:\/\/www.union.fr\/wp-content\/uploads\/2023\/04\/widget_vod_rondesrevanche-300x250.jpg\" alt=\"\" width=\"300\" height=\"250\" \/><\/div><\/a><\/p> <h2>Les difficult\u00e9s pour avouer sa bisexualit\u00e9 ?<\/h2> <p>Pour S\u00e9bastien, 48 ans, avouer (s\u2019avouer) sa bisexualit\u00e9 n\u2019a pas \u00e9t\u00e9 quelque chose de simple\u00a0: \u00ab\u00a0<em>Il y a quelques ann\u00e9es, j\u2019\u00e9prouvais une terrible culpabilit\u00e9 dans certains de mes d\u00e9sirs. J\u2019essayais de me persuader que ce n\u2019\u00e9tait pas de r\u00e9elles envies, que ce n\u2019\u00e9tait pas vraiment moi, que c\u2019\u00e9taient les femmes qui m\u2019attiraient vraiment et pas les hommes. Je ne faisais aucune diff\u00e9rence entre homosexuels et bisexuels d\u2019o\u00f9 ce rejet de cette partie de moi-m\u00eame<\/em>.\u00a0\u00bb<\/p>  <p><a href=\"https:\/\/livecam.union.fr\/fr\/\"><div class=\"wrap-img\" id=\"wrap-img-367686\"><img loading=\"lazy\" decoding=\"async\" class=\"aligncenter wp-image-367686 size-medium\" src=\"https:\/\/www.union.fr\/wp-content\/uploads\/2021\/09\/1-2-300x250.png\" alt=\"\" width=\"300\" height=\"250\" \/><\/div><\/a><br \/> Malgr\u00e9 le rejet, le d\u00e9sir \u00e9tait toujours l\u00e0. Purement sexuel\u00a0: \u00ab\u00a0<em>Je n\u2019ai jamais \u00e9t\u00e9 amoureux d\u2019un homme en revanche, tr\u00e8s vite, j\u2019ai ressenti que je pouvais \u00e9prouver du plaisir et m\u00eame une r\u00e9elle jouissance avec mon anus. Je me suis achet\u00e9 un godemich\u00e9, chose que je n\u2019ai jamais avou\u00e9 \u00e0 mes ex-compagnes f\u00e9minines et il m\u2019arrivait de me p\u00e9n\u00e9trer avec lorsque je me masturbais<\/em>.\u00a0\u00bb<\/p>  <p><a href=\"https:\/\/boutique.union.fr\/\"><div class=\"wrap-img\" id=\"wrap-img-367682\"><img loading=\"lazy\" decoding=\"async\" class=\"aligncenter wp-image-367682 size-medium\" src=\"https:\/\/www.union.fr\/wp-content\/uploads\/2021\/09\/7-300x250.png\" alt=\"\" width=\"300\" height=\"250\" \/><\/div><\/a><\/p> <p>Entre son <a href=\"https:\/\/www.union.fr\/sexo\/413356-413356.html#post-413356\">fantasme<\/a> d\u2019avoir des <strong>relations sexuelles<\/strong> avec un <strong>homme<\/strong> et le passage \u00e0 l\u2019acte, S\u00e9bastien a attendu plusieurs ann\u00e9es, malgr\u00e9 une envie qui se faisait de plus en plus intense\u00a0: \u00ab\u00a0Le sentiment de culpabilit\u00e9 a \u00e9t\u00e9 un frein jusqu\u2019au jour o\u00f9 j\u2019ai \u00e9t\u00e9 contact\u00e9 par un <strong>homme<\/strong> sur un site Internet. Il \u00e9tait mari\u00e9, plus \u00e2g\u00e9 que moi et il a \u00e9t\u00e9<br \/> le premier \u00e0 me <strong>sodomiser<\/strong>.\u00a0\u00bb<\/p> <p>Aujourd\u2019hui, S\u00e9bastien n\u2019accepte pas totalement sa <strong>bisexualit\u00e9<\/strong>. Il n\u2019en a jamais parl\u00e9 \u00e0 sa compagne actuelle et la vit secr\u00e8tement en faisant des rencontres par l\u2019interm\u00e9diaire d\u2019Internet\u00a0: \u00ab\u00a0Je ne me sens pas de l\u2019avouer. Je redoute une r\u00e9action n\u00e9gative. Notre soci\u00e9t\u00e9 est encore contre ce genre de chose. Alors je conserve mon<br \/> jardin secret.\u00a0\u00bb<\/p>  <p><strong>A lire aussi :<\/strong><\/p> <p><a href=\"https:\/\/www.union.fr\/sexo\/to-bi-or-not-to-bi-la-bisexualite-femme-et-homme-414342.html#post-414342\">To bi or not to i : bisexualit\u00e9 femme homme<\/a><\/p> <p><a href=\"https:\/\/www.union.fr\/sexo\/nos-conseils-dexperts\/conseils-sexo-suis-je-homo-ou-hetero-14821.html#post-14821\">Suis-je homo ou h\u00e9t\u00e9ro ?<\/a><\/p> <p><a href=\"https:\/\/www.union.fr\/sexo\/nos-conseils-dexperts\/conseils-sexo-lesbienne-ou-bisexuelle-14823.html#post-14823\">Suis-je lesbienne ou bisexuelle ?<\/a><\/p> ","protected":false},"excerpt":{"rendered":"<p> \u00ab\u00a0Il y a cette pression sur les hommes d\u2019\u00eatre virils, et c\u2019est comme si avoir une attirance envers le m\u00eame sexe faisait d\u2019eux des hommes moindres.\u00a0\u00bb On vous dit tout !<\/p>\n","protected":false},"author":7,"featured_media":414361,"comment_status":"open","ping_status":"open","sticky":false,"template":"","format":"standard","meta":{"footnotes":""},"categories":[3,5,176,15],"tags":[5823,1383,371],"class_list":["post-414357","post","type-post","status-publish","format-standard","has-post-thumbnail","hentry","category-diaporama-accueil","category-menu_site","category-homme","category-sexo","tag-bisexualite-masculine","tag-hetero","tag-homosexualite"],"_links":{"self":[{"href":"https:\/\/www.union.fr\/wp-json\/wp\/v2\/posts\/414357","targetHints":{"allow":["GET"]}}],"collection":[{"href":"https:\/\/www.union.fr\/wp-json\/wp\/v2\/posts"}],"about":[{"href":"https:\/\/www.union.fr\/wp-json\/wp\/v2\/types\/post"}],"author":[{"embeddable":true,"href":"https:\/\/www.union.fr\/wp-json\/wp\/v2\/users\/7"}],"replies":[{"embeddable":true,"href":"https:\/\/www.union.fr\/wp-json\/wp\/v2\/comments?post=414357"}],"version-history":[{"count":7,"href":"https:\/\/www.union.fr\/wp-json\/wp\/v2\/posts\/414357\/revisions"}],"predecessor-version":[{"id":414366,"href":"https:\/\/www.union.fr\/wp-json\/wp\/v2\/posts\/414357\/revisions\/414366"}],"wp:featuredmedia":[{"embeddable":true,"href":"https:\/\/www.union.fr\/wp-json\/wp\/v2\/media\/414361"}],"wp:attachment":[{"href":"https:\/\/www.union.fr\/wp-json\/wp\/v2\/media?parent=414357"}],"wp:term":[{"taxonomy":"category","embeddable":true,"href":"https:\/\/www.union.fr\/wp-json\/wp\/v2\/categories?post=414357"},{"taxonomy":"post_tag","embeddable":true,"href":"https:\/\/www.union.fr\/wp-json\/wp\/v2\/tags?post=414357"}],"curies":[{"name":"wp","href":"https:\/\/api.w.org\/{rel}","templated":true}]}}