{"id":440340,"date":"2024-09-21T10:00:27","date_gmt":"2024-09-21T08:00:27","guid":{"rendered":"https:\/\/www.union.fr\/?p=440340"},"modified":"2024-09-19T14:28:08","modified_gmt":"2024-09-19T12:28:08","slug":"sortez-couvertes-le-preservatif-feminin","status":"publish","type":"post","link":"https:\/\/www.union.fr\/sexo\/sortez-couvertes-le-preservatif-feminin-440340.html","title":{"rendered":"Sortez couvertes, le pr\u00e9servatif f\u00e9minin, l\u2019alternative m\u00e9connue pour se prot\u00e9ger."},"content":{"rendered":"<p class=\"p1\"><strong>Pr\u00e9servatif f\u00e9minin, l\u2019alternative m\u00e9connue pour se prot\u00e9ger \/\/ Sortez couvertes<br \/> <\/strong><\/p> <p class=\"p1\">Encore trop largement <strong>m\u00e9connu et sous-utilis\u00e9<\/strong>, le pr\u00e9servatif f\u00e9minin constitue une alternative unique pour les femmes qui veulent (re)prendre la main sur leur <a href=\"https:\/\/www.union.fr\/sexo\/contraception-feminine-sterilisation-volontaire-291599.html\">contraception<\/a> et leur protection lors de\u00a0leurs\u00a0rapports\u00a0sexuels.<\/p> <p><a href=\"https:\/\/boutique.union.fr\/\"><div class=\"wrap-img\" id=\"wrap-img-357959\"><img loading=\"lazy\" decoding=\"async\" itemprop=\"thumbnailUrl\" class=\"wp-image-357959 size-medium aligncenter\" src=\"https:\/\/www.union.fr\/wp-content\/uploads\/2021\/06\/prestige-16-widget-3-1-300x250.png\" alt=\"boutique union\" width=\"300\" height=\"250\" \/><\/div><\/a><\/p> <p class=\"p1\">Depuis plusieurs ann\u00e9es, la France conna\u00eet <strong>une augmentation significative<\/strong> des <a href=\"https:\/\/www.union.fr\/sexo\/methode-de-contraception-stopper-ist-429895.html\">IST<\/a> et des IVG. Une situation inqui\u00e9tante qui s\u2019explique par le manque de r\u00e9flexe <a href=\"https:\/\/www.union.fr\/sexo\/414991-414991.html\">pr\u00e9servatif<\/a> qui demeure,\u00a0notamment chez les jeunes. Selon la derni\u00e8re \u00e9tude Sidaction, 64 % des jeunes d\u00e9clarent ne pas utiliser syst\u00e9matiquement le pr\u00e9servatif.\u00a0Dans ce contexte, le port du pr\u00e9servatif\u00a0reste\u00a0le moyen\u00a0de protection contre les IST\u00a0et de contraception\u00a0le\u00a0plus efficace. Malheureusement, celui-ci rel\u00e8ve encore trop souvent de la responsabilit\u00e9 des hommes, <strong>renfor\u00e7ant ainsi la d\u00e9pendance des femmes \u00e0 leur partenaire<\/strong>. Or, gr\u00e2ce au pr\u00e9servatif f\u00e9minin, elles n\u2019ont plus besoin de se reposer sur celui-ci, ni de n\u00e9gocier pour qu\u2019il porte une protection. Bien que son utilit\u00e9 et son efficacit\u00e9 soient largement prouv\u00e9es, une grande partie de la\u00a0gent\u00a0f\u00e9minine ne l\u2019a pas\u00a0encore\u00a0adopt\u00e9, en raison de son co\u00fbt ou par m\u00e9connaissance.<\/p> <p class=\"p1\"><strong>Le dispositif de gratuit\u00e9<\/strong> et de prise en charge, entr\u00e9 en vigueur au 1er janvier 2024, et l\u2019arriv\u00e9e de So Sexy &amp;\u00a0Smile\u00ae sur la liste des pr\u00e9servatifs f\u00e9minins concern\u00e9s\u00a0depuis d\u00e9but avril, constituent <strong>une avanc\u00e9e significative<\/strong>. D\u2019autant plus que la gamme f\u00e9minine de Terpan Pr\u00e9vention, entreprise fran\u00e7aise sp\u00e9cialis\u00e9e dans la fabrication et la distribution de dispositifs m\u00e9dicaux, a pour particularit\u00e9 d\u2019\u00eatre, \u00e0 ce jour, la seule alternative sans latex disponible dans le <span class=\"s1\" >cadre de ce dispositif. C\u00f4t\u00e9 pratique, le pr\u00e9servatif f\u00e9minin peut se placer juste avant le rapport ou m\u00eame jusqu\u2019\u00e0 4 heures avant. Pour ce faire, toujours en pin\u00e7ant l&rsquo;anneau, ins\u00e9rez-le. Veillez \u00e0 ce qu&rsquo;il ne soit pas tordu une fois \u00e0 l&rsquo;int\u00e9rieur. \u00c0 l&rsquo;aide de l&rsquo;index, poussez le petit anneau le plus au fond possible. Le grand anneau (anneau externe) doit rester en dehors du vagin ou de l&rsquo;anus.<\/span><\/p> <p><a href=\"https:\/\/livecam.union.fr\/fr\/signup\/\"><div class=\"wrap-img\" id=\"wrap-img-357960\"><img loading=\"lazy\" decoding=\"async\" class=\"aligncenter wp-image-357960 size-medium\" src=\"https:\/\/www.union.fr\/wp-content\/uploads\/2021\/06\/prestige-16-widget-4-1-300x250.png\" alt=\"livecam union\" width=\"300\" height=\"250\" \/><\/div><\/a><\/p> <p><strong>A lire aussi :<\/strong><\/p> <p><a href=\"https:\/\/www.union.fr\/sexo\/sexualite-et-sante\/protection-et-prevention\/conseils-utiliser-preservatif-toute-securite-309092.html\">4 conseils pour utiliser son pr\u00e9servatif en toute s\u00e9curit\u00e9<\/a><\/p> <p><a href=\"https:\/\/www.union.fr\/sexo\/quand-les-preservatifs-capotent-338261.html\">Quand les pr\u00e9servatifs capotent<\/a><\/p> <p><a href=\"https:\/\/www.union.fr\/sexo\/societe\/post-metoo-femmes-osent-le-premier-439394.html\">A l&rsquo;air post #MeToo, les femmes osent faire le premier pas !<\/a><\/p> ","protected":false},"excerpt":{"rendered":"<p>Le pr\u00e9servatif f\u00e9minin est encore m\u00e9connu et trop peu utilis\u00e9 par la genre f\u00e9minine. Il constitue pourtant une bonne alternative pour se prot\u00e9ger. <\/p>\n","protected":false},"author":7,"featured_media":440347,"comment_status":"open","ping_status":"open","sticky":false,"template":"","format":"standard","meta":{"footnotes":""},"categories":[3,39,5,2,38,15,27],"tags":[1172,5809,1656,1657],"class_list":["post-440340","post","type-post","status-publish","format-standard","has-post-thumbnail","hentry","category-diaporama-accueil","category-la-contraception","category-menu_site","category-mise-en-avant","category-protection-et-prevention","category-sexo","category-sexualite-et-sante","tag-preservatif","tag-preservatif-feminin","tag-protection","tag-sante"],"_links":{"self":[{"href":"https:\/\/www.union.fr\/wp-json\/wp\/v2\/posts\/440340","targetHints":{"allow":["GET"]}}],"collection":[{"href":"https:\/\/www.union.fr\/wp-json\/wp\/v2\/posts"}],"about":[{"href":"https:\/\/www.union.fr\/wp-json\/wp\/v2\/types\/post"}],"author":[{"embeddable":true,"href":"https:\/\/www.union.fr\/wp-json\/wp\/v2\/users\/7"}],"replies":[{"embeddable":true,"href":"https:\/\/www.union.fr\/wp-json\/wp\/v2\/comments?post=440340"}],"version-history":[{"count":3,"href":"https:\/\/www.union.fr\/wp-json\/wp\/v2\/posts\/440340\/revisions"}],"predecessor-version":[{"id":440397,"href":"https:\/\/www.union.fr\/wp-json\/wp\/v2\/posts\/440340\/revisions\/440397"}],"wp:featuredmedia":[{"embeddable":true,"href":"https:\/\/www.union.fr\/wp-json\/wp\/v2\/media\/440347"}],"wp:attachment":[{"href":"https:\/\/www.union.fr\/wp-json\/wp\/v2\/media?parent=440340"}],"wp:term":[{"taxonomy":"category","embeddable":true,"href":"https:\/\/www.union.fr\/wp-json\/wp\/v2\/categories?post=440340"},{"taxonomy":"post_tag","embeddable":true,"href":"https:\/\/www.union.fr\/wp-json\/wp\/v2\/tags?post=440340"}],"curies":[{"name":"wp","href":"https:\/\/api.w.org\/{rel}","templated":true}]}}