{"id":444438,"date":"2024-10-31T10:00:27","date_gmt":"2024-10-31T08:00:27","guid":{"rendered":"https:\/\/www.union.fr\/?p=444438"},"modified":"2024-10-28T18:37:08","modified_gmt":"2024-10-28T16:37:08","slug":"jai-tete-ailleurs-pendant-lacte","status":"publish","type":"post","link":"https:\/\/www.union.fr\/sexo\/jai-tete-ailleurs-pendant-lacte-444438.html","title":{"rendered":"Pourquoi j&rsquo;ai la t\u00eate ailleurs pendant l&rsquo;acte ?"},"content":{"rendered":"<p><em>Bonjour docteur,\u00a0il m\u2019arrive de plus en plus souvent de <strong>ne pas \u00eatre branch\u00e9e cul,<\/strong> y compris pendant l\u2019acte. En effet, depuis plusieurs semaines je pense \u00e0 autre chose pendant que je fais l\u2019amour. Parfois il est question <a href=\"https:\/\/www.union.fr\/sexo\/conseils-sexo-penser-a-un-autre-pendant-un-rapport-tromper-359141.html\">d\u2019autres partenaires<\/a>, mais bien souvent il s\u2019agit de choses tr\u00e8s \u00e9loign\u00e9es du sexe. Est-ce fr\u00e9quent ou bien est-ce un premier pas vers une sorte de <a href=\"https:\/\/www.union.fr\/sexo\/292190-292190.html\">d\u00e9sint\u00e9r\u00eat sexuel <\/a>?<\/em><\/p> <p><a href=\"https:\/\/video.union.fr\/blondes\/une-blonde-deux-bi\"><div class=\"wrap-img\" id=\"wrap-img-434683\"><img loading=\"lazy\" decoding=\"async\" itemprop=\"thumbnailUrl\" class=\"aligncenter wp-image-434683 size-medium\" src=\"https:\/\/www.union.fr\/wp-content\/uploads\/2024\/03\/widget_vod_blonde_bi-300x250.jpg\" alt=\"\" width=\"300\" height=\"250\" \/><\/div><\/a><\/p> <h2>Notre sexologue r\u00e9pond :<\/h2> <p>N\u2019ayant aucun d\u00e9tail vous concernant, \u00e0 part votre \u00e2ge, je pourrais r\u00e9pondre affirmativement \u00e0 chaque option. Clairement <strong>le fait de penser \u00e0 autre chose pendant un rapport sexuel t\u00e9moigne d\u2019une baisse d\u2019int\u00e9r\u00eat envers le sexe<\/strong>. Quant \u00e0 savoir quelle en est la raison, c\u2019est l\u00e0 qu\u2019il m\u2019est difficile de me prononcer.<\/p> <p>Cela pourrait s\u2019expliquer par <a href=\"https:\/\/www.union.fr\/sexo\/routine-sexuelle-405712.html\">la routine<\/a> qui s\u2019installe \u00e0 la longue dans une relation de couple car \u00e0 trente ans il peut arriver que l\u2019on soit ensemble depuis plusieurs ann\u00e9es. Il est fr\u00e9quent, en effet, que <a href=\"https:\/\/www.union.fr\/sexo\/est-ce-que-ce-sont-les-films-pornos-qui-ont-tue-mon-desir-sexuel-pour-ma-femme-15129.html\">le d\u00e9sir sexuel<\/a> soit plus intense <strong>au d\u00e9but d\u2019une relation amoureuse<\/strong> et qu\u2019il soit plus pr\u00e9gnant, c\u2019est-\u00e0-dire qu\u2019il ne laisse pas de place \u00e0 autre chose ou \u00e0 d\u2019autres pens\u00e9es.<\/p> <p>Je ne crois pas, en revanche, que cela soit simplement une question d\u2019\u00e2ge car vous \u00eates <strong>bien trop jeune pour \u00e7a<\/strong>. En revanche, ce qui pourrait expliquer votre manque de \u00ab\u00a0concentration\u00a0\u00bb et qui est en quelque sorte li\u00e9 \u00e0 l\u2019\u00e2ge c\u2019est qu\u2019\u00e0 trente ans on a moins l\u2019esprit libre qu\u2019\u00e0 vingt. On est entr\u00e9 dans la vie active, on a <strong>des responsabilit\u00e9s \u00e0 la fois professionnelles, \u00e9conomiques, quotidiennes<\/strong> (courses, m\u00e9nage, lessives\u2026), voire familiales si l\u2019on a des enfants petits. Il n\u2019est pas rare que viennent s\u2019ajouter \u00e0 tout cela des emprunts, des trajets, le manque de temps et de sommeil\u2026 Cela fait tout un ensemble de contraintes qui rend plus difficile la survenue d\u2019un \u00e9tat propice \u00e0 la <a href=\"https:\/\/www.union.fr\/sexo\/nos-conseils-dexperts\/questionnaire-cecilia-pgt-photographe-de-sensualite-436462.html\">sensualit\u00e9<\/a> dont la relaxation mentale est le pivot central.<\/p> <p><a href=\"https:\/\/boutique.union.fr\/\"><div class=\"wrap-img\" id=\"wrap-img-357959\"><img loading=\"lazy\" decoding=\"async\" class=\"aligncenter wp-image-357959 size-medium\" src=\"https:\/\/www.union.fr\/wp-content\/uploads\/2021\/06\/prestige-16-widget-3-1-300x250.png\" alt=\"boutique union\" width=\"300\" height=\"250\" \/><\/div><\/a><\/p>  <p><strong>A lire aussi :<\/strong><\/p> <p><a href=\"https:\/\/www.union.fr\/sexo\/sexo-grave-de-penser-a-quelquun-dautre-pendant-lamour-437851.html\">Est-ce grave de penser \u00e0 quelqu&rsquo;un d&rsquo;autre pendant l&rsquo;amour ?\u00a0<\/a><\/p> <p><a href=\"https:\/\/www.union.fr\/sexo\/sexo-comment-preserver-lintensite-sexuelle-au-sein-du-couple-union-431705.html\">Comment pr\u00e9server l&rsquo;intensit\u00e9 sexuelle au sein d&rsquo;un couple ?\u00a0<\/a><\/p> <p><a href=\"https:\/\/www.union.fr\/sexo\/sexo-comment-booster-sa-libido-naturellement-union-431502.html\">Comment booster sa libido naturellement ?\u00a0<\/a><\/p> ","protected":false},"excerpt":{"rendered":"<p>\u00a0Assia, 31 ans (Strasbourg) a l&rsquo;impression de ne plus \u00eatre attir\u00e9e par le sexe. Elle en cherche les causes et notre sexologue lui apporte des r\u00e9ponses. <\/p>\n","protected":false},"author":7,"featured_media":444483,"comment_status":"open","ping_status":"open","sticky":false,"template":"","format":"standard","meta":{"footnotes":""},"categories":[3,5801,5797,32,5,2,175,179,5798,15],"tags":[7643,2793,151,1162,363],"class_list":["post-444438","post","type-post","status-publish","format-standard","has-post-thumbnail","hentry","category-diaporama-accueil","category-infidelite-adultere","category-le-coin-love","category-le-plaisir-et-lorgasme","category-menu_site","category-mise-en-avant","category-femme","category-pratiques","category-relation-de-couple","category-sexo","tag-desinteret","tag-envie","tag-libido","tag-plaisir","tag-sexe"],"_links":{"self":[{"href":"https:\/\/www.union.fr\/wp-json\/wp\/v2\/posts\/444438","targetHints":{"allow":["GET"]}}],"collection":[{"href":"https:\/\/www.union.fr\/wp-json\/wp\/v2\/posts"}],"about":[{"href":"https:\/\/www.union.fr\/wp-json\/wp\/v2\/types\/post"}],"author":[{"embeddable":true,"href":"https:\/\/www.union.fr\/wp-json\/wp\/v2\/users\/7"}],"replies":[{"embeddable":true,"href":"https:\/\/www.union.fr\/wp-json\/wp\/v2\/comments?post=444438"}],"version-history":[{"count":2,"href":"https:\/\/www.union.fr\/wp-json\/wp\/v2\/posts\/444438\/revisions"}],"predecessor-version":[{"id":444485,"href":"https:\/\/www.union.fr\/wp-json\/wp\/v2\/posts\/444438\/revisions\/444485"}],"wp:featuredmedia":[{"embeddable":true,"href":"https:\/\/www.union.fr\/wp-json\/wp\/v2\/media\/444483"}],"wp:attachment":[{"href":"https:\/\/www.union.fr\/wp-json\/wp\/v2\/media?parent=444438"}],"wp:term":[{"taxonomy":"category","embeddable":true,"href":"https:\/\/www.union.fr\/wp-json\/wp\/v2\/categories?post=444438"},{"taxonomy":"post_tag","embeddable":true,"href":"https:\/\/www.union.fr\/wp-json\/wp\/v2\/tags?post=444438"}],"curies":[{"name":"wp","href":"https:\/\/api.w.org\/{rel}","templated":true}]}}