{"id":456529,"date":"2025-05-27T18:00:43","date_gmt":"2025-05-27T16:00:43","guid":{"rendered":"https:\/\/www.union.fr\/?p=456529"},"modified":"2025-05-27T16:33:33","modified_gmt":"2025-05-27T14:33:33","slug":"actus-la-plateforme-only-fans-de-nouveau-en-vente","status":"publish","type":"post","link":"https:\/\/www.union.fr\/actus\/actus-la-plateforme-only-fans-de-nouveau-en-vente-456529.html","title":{"rendered":"La plateforme OnlyFans de nouveau en vente !"},"content":{"rendered":"<p class=\"my-0\">Coup dur pour le secteur de la pornographie qui est confront\u00e9 \u00e0 une multiplication des <strong>r\u00e9glementations strictes<\/strong> \u00e0 l\u2019\u00e9chelle internationale.<\/p> <p class=\"my-0\"><a href=\"https:\/\/www.union.fr\/diaporama-accueil\/actus-onlyfans-avec-ou-sans-contenus-pornos-365430.html#post-365430\">La plateforme OnlyFans<\/a>, qui occupe aujourd\u2019hui une position pr\u00e9pond\u00e9rente dans l\u2019industrie, serait <strong>sur le point de changer de propri\u00e9taire.<\/strong> D\u2019apr\u00e8s<strong> Reuters et The Financial Times<\/strong>, OnlyFans serait en discussion avec <strong>plusieurs fonds d\u2019investissement<\/strong> pour un potentiel rachat. Et ce changement d&rsquo;h\u00f4te \u00e0 le don de faire peur aux cr\u00e9ateurs !<\/p> <h2 class=\"interTitre\">La plateforme d\u00e9j\u00e0 rachet\u00e9e en 2018<\/h2> <p>A son lancement en<strong> 2016<\/strong> et avant l\u2019\u00e9mergence massive de <strong>contenu pornographique<\/strong>, OnlyFans servait principalement de plateforme d\u2019abonnement pour permettre \u00e0 des artistes, cr\u00e9ateurs de contenus, musiciens, coachs en fitness ou en cuisine, de proposer \u00e0 leurs fans des clips, des photos, des tutoriels ou des conseils exclusifs en \u00e9change d\u2019un<strong> abonnement mensuel.<\/strong><\/p> <p>Aujourd&rsquo;hui, cette plateforme est plut\u00f4t connue et sp\u00e9cialis\u00e9e dans l&rsquo;h\u00e9bergement de <strong>contenus \u00e9rotiques et pornographiques amateurs.<\/strong> Sa popularit\u00e9 explose avec la pand\u00e9mie mondiale, si bien qu&rsquo;<strong>en 2023<\/strong>, l&rsquo;entreprise a g\u00e9n\u00e9r\u00e9<strong> 6,6 milliards de dollars<\/strong> en revenus pour ses cr\u00e9ateurs et cr\u00e9atrices.<\/p> <p>Un d\u00e9veloppement jug\u00e9 insuffisant de la part du patron de la soci\u00e9t\u00e9 Fenix International Limited \u00e0 la t\u00eate l&rsquo;OnlyFans, qui cherche tout de m\u00eame \u00e0 vendre la plateforme. Il avait rachet\u00e9 la plateforme \u00e0 75% \u00e0 ses cr\u00e9ateurs britanniques Guy et Tim Stokely, pour une somme gard\u00e9e secr\u00e8te.\u00a0<a href=\"https:\/\/euw1.smartadserver.com\/click?imgid=39988582&amp;insid=12551350&amp;pgid=1024165&amp;fmtid=105835&amp;ckid=0&amp;uii=5822282680719495191&amp;acd=1748348979273&amp;tmstp=7446799410&amp;tgt=tags%3dacquisition%2cvu-ailleurs%2ceconomie-numerique%3bid_document%3d2232628%3bdocument_path%3deditorial%2fla-plateforme-de-contenus-pour-adultes-onlyfans-serait-en-passe-d-etre-rachetee.N2232628%3bdocument_parution%3d2%3bdocument_type%3d1%3bdocument_closed%3d0%3bdocument_access%3d3%3bdocument_source%3d1%3bconsent%3drejected%3b%3b%24dt%3d1t&amp;systgt=%24qc%3d1500065344%3b%24ql%3dHigh%3b%24qpc%3d75001%3b%24qpc%3d75*%3b%24qpc%3d750*%3b%24qpc%3d7500*%3b%24qpc%3d75001*%3b%24qt%3d184_1903_42652t%3b%24dma%3d0%3b%24qo%3d5%3b%24b%3d14160%3b%24o%3d12100%3b%24sw%3d1920%3b%24sh%3d1200&amp;envtype=0&amp;imptype=0&amp;gdpr=1&amp;gdpr_consent=CQSEgUAQSEgUAAHABBENBsFgAAAAAAAAAAAAAAAAAACkoAMAAQWfKQAYAAgs-OgAwABBZ8hABgACCz4SADAAEFnw.YAAAAAAAAAAA&amp;pgDomain=https%3a%2f%2fwww.usine-digitale.fr%2feditorial%2fla-plateforme-de-contenus-pour-adultes-onlyfans-serait-en-passe-d-etre-rachetee.N2232628&amp;scriptid=99057&amp;opid=ee2e6064-249e-4ad6-9143-805b3ae291af&amp;opdt=1748348979273&amp;bldv=7009&amp;srcfn=diff&amp;reqid=485d3695-7eba-40f3-9200-86ba4a9814b0&amp;reqdt=1748348979276&amp;eqs=25ee20dd18527bbfe54e7ea935ef5a1139bf9a62&amp;go=https%3a%2f%2fwww.linkedin.com%2fcompany%2finfopro-digital-media%2f%3fviewAsMember%3dtrue\" target=\"_blank\" rel=\"noopener\"><img loading=\"lazy\" decoding=\"async\" itemprop=\"thumbnailUrl\" id=\"img_39988582\" class=\"alignright\" src=\"https:\/\/creatives.sascdn.com\/diff\/3246\/advertiser\/462580\/pixel_c2c98819-3db7-4935-aafc-0baa5f6a73cc.gif\" width=\"1\" height=\"1\" \/><\/a><\/p>  <p><a href=\"https:\/\/boutique.union.fr\"><div class=\"wrap-img\" id=\"wrap-img-357959\"><img loading=\"lazy\" decoding=\"async\" class=\"aligncenter wp-image-357959 size-full\" src=\"https:\/\/www.union.fr\/wp-content\/uploads\/2021\/06\/prestige-16-widget-3-1.png\" alt=\"boutique union\" width=\"300\" height=\"250\" \/><\/div><\/a><\/p> <h2>Qui souhaite reprendre la plateforme ?<\/h2> <p>La star irlandaise du <strong>MMA<\/strong> Conor <strong>McGregor<\/strong> a annonc\u00e9 sur son compte Instagram \u00eatre en <strong>n\u00e9gociations s\u00e9rieuses<\/strong> pour acqu\u00e9rir la plateforme. Mais pour certains, son intention serait une simple tentative de buzz.<\/p> <p>Selon Reuters et le Financial Times, le principal candidat au rachat d\u2019OnlyFans est<strong> un groupe d\u2019investisseurs<\/strong> men\u00e9 par la soci\u00e9t\u00e9 <strong>Forest Road Company<\/strong>, bas\u00e9e \u00e0 <strong>Los Angeles<\/strong><span class=\"whitespace-nowrap\" >.\u00a0<\/span>Forest Road dirige <strong>les n\u00e9gociations<\/strong> pour acqu\u00e9rir la plateforme \u00e0 une<strong> valorisation d\u2019environ 8 milliards de dollars.<\/strong><\/p> <p>D\u2019autres acqu\u00e9reurs potentiels seraient \u00e9galement en discussion avec le propri\u00e9taire actuel, <strong>Fenix International Ltd<\/strong><span class=\"whitespace-nowrap\" >.<\/span> Les discussions sont toujours en cours et avancent, mais \u00e0 l&rsquo;heure actuelle aucun accord d\u00e9finitif n\u2019a encore \u00e9t\u00e9 annonc\u00e9, et une introduction en bourse reste aussi une option envisag\u00e9e.<\/p> <p><a href=\"https:\/\/video.union.fr\/gros-seins\/un-employe-tres-devoue-\"><div class=\"wrap-img\" id=\"wrap-img-456384\"><img loading=\"lazy\" decoding=\"async\" class=\"aligncenter wp-image-456384 size-full\" src=\"https:\/\/www.union.fr\/wp-content\/uploads\/2020\/05\/gif-pour-vignettes-7.gif\" alt=\"\" width=\"300\" height=\"300\" \/><\/div><\/a><\/p>  <h2>Coup dur pour les cr\u00e9ateurs<\/h2> <p>Ce projet de vente suscite de nombreuses interrogations chez les cr\u00e9ateurs. Un changement de propri\u00e9taire pourrait s\u2019accompagner de modifications des politiques internes, comme cela avait \u00e9t\u00e9 envisag\u00e9 en 2021 avec la tentative avort\u00e9e d\u2019<strong>interdiction des contenus sexuels explicites.<\/strong><\/p> <p><span class=\"whitespace-nowrap\" >L&rsquo;inqui\u00e9tude se porte notamment sur <strong>la censure qui frappe en Europe<\/strong>. En Su\u00e8de, l\u2019interdiction de l\u2019achat de<strong> vid\u00e9os sexuelles personnalis\u00e9es<\/strong> a \u00e9t\u00e9 largement critiqu\u00e9e par les cr\u00e9ateurs de contenus, notamment pr\u00e9sents sur OnlyFans. <\/span><\/p> <p><span class=\"whitespace-nowrap\" >Suite \u00e0 cette interdiction, <strong>Sanna Zentio<\/strong>, cr\u00e9atrice sur OnlyFans, a d\u00e9clar\u00e9 \u00e0 la t\u00e9l\u00e9vision su\u00e9doise TV4 : \u00ab On a l\u2019impression que <strong>les responsables politiques ne comprennent pas<\/strong> comment <strong>nous travaillons avec le num\u00e9rique<\/strong> ou ce que nous faisons r\u00e9ellement. Beaucoup d\u2019entre nous travaillent de mani\u00e8re tr\u00e8s ind\u00e9pendante et en toute s\u00e9curit\u00e9 \u00bb.<\/span><\/p> <p>Les cr\u00e9ateurs redoutent de voir leurs revenus menac\u00e9s ou <strong>leur activit\u00e9 restreinte<\/strong>, tandis que <strong>les abonn\u00e9s craignent de perdre l\u2019acc\u00e8s \u00e0 leurs contenus<\/strong> en cas de changement de r\u00e8glementations int\u00e9rieures.<\/p> <p>L\u2019avenir de la tr\u00e8s controvers\u00e9e plateforme reste donc incertain : ce nouveau rachat marquera-t-il une <strong>nouvelle \u00e8re pour la plateforme ?<\/strong> Plus stricte ? Plus laxiste ? Il ne nous reste plus qu&rsquo;\u00e0 attendre la d\u00e9cision de <strong>Leonid Radvinsky<\/strong>, qui sera sur le point d&#8217;empocher <strong>8 milliards de dollars.\u00a0<\/strong><\/p> <p><a href=\"https:\/\/www.next-dating.com\/?siteid=2576783&amp;tpl=18-sexy&amp;v=sexy\"><div class=\"wrap-img\" id=\"wrap-img-451411\"><img loading=\"lazy\" decoding=\"async\" class=\"aligncenter wp-image-451411 size-full\" src=\"https:\/\/www.union.fr\/wp-content\/uploads\/2025\/01\/unionrencontre1.gif\" alt=\"\" width=\"300\" height=\"250\" \/><\/div><\/a><\/p>  <h3>A lire aussi&#8230;<\/h3> <p><a href=\"https:\/\/www.union.fr\/sexo\/lily-phillips-en-quete-de-records-sexuels-extremes-455107.html#post-455107\">Lily Phillips : toujours en qu\u00eate de records sexuels les plus extr\u00eames\u00a0<\/a><\/p> <p><a href=\"https:\/\/www.union.fr\/actus\/linfluenceur-ad-laurent-banni-de-tiktok-456402.html\">Pourquoi l&rsquo;influenceur AD Laurent est-il banni de TikTok ?<\/a><\/p> <p><a href=\"https:\/\/www.union.fr\/diaporama-accueil\/actus-onlyfans-avec-ou-sans-contenus-pornos-365430.html#post-365430\">OnlyFans : avec ou sans contenu porno ?<\/a><\/p> ","protected":false},"excerpt":{"rendered":"<p>De tr\u00e8s c\u00e9l\u00e8bres cr\u00e9ateurs pourraient voir leur contenu censur\u00e9 si la politique de la plateforme OnlyFans vient \u00e0 changer de propri\u00e9taire !<\/p>\n","protected":false},"author":19438,"featured_media":456546,"comment_status":"open","ping_status":"open","sticky":false,"template":"","format":"standard","meta":{"footnotes":""},"categories":[6,3,5,1],"tags":[6424,7904],"class_list":["post-456529","post","type-post","status-publish","format-standard","has-post-thumbnail","hentry","category-actus","category-diaporama-accueil","category-menu_site","category-non-classe","tag-onlyfans","tag-rachat"],"_links":{"self":[{"href":"https:\/\/www.union.fr\/wp-json\/wp\/v2\/posts\/456529","targetHints":{"allow":["GET"]}}],"collection":[{"href":"https:\/\/www.union.fr\/wp-json\/wp\/v2\/posts"}],"about":[{"href":"https:\/\/www.union.fr\/wp-json\/wp\/v2\/types\/post"}],"author":[{"embeddable":true,"href":"https:\/\/www.union.fr\/wp-json\/wp\/v2\/users\/19438"}],"replies":[{"embeddable":true,"href":"https:\/\/www.union.fr\/wp-json\/wp\/v2\/comments?post=456529"}],"version-history":[{"count":9,"href":"https:\/\/www.union.fr\/wp-json\/wp\/v2\/posts\/456529\/revisions"}],"predecessor-version":[{"id":456556,"href":"https:\/\/www.union.fr\/wp-json\/wp\/v2\/posts\/456529\/revisions\/456556"}],"wp:featuredmedia":[{"embeddable":true,"href":"https:\/\/www.union.fr\/wp-json\/wp\/v2\/media\/456546"}],"wp:attachment":[{"href":"https:\/\/www.union.fr\/wp-json\/wp\/v2\/media?parent=456529"}],"wp:term":[{"taxonomy":"category","embeddable":true,"href":"https:\/\/www.union.fr\/wp-json\/wp\/v2\/categories?post=456529"},{"taxonomy":"post_tag","embeddable":true,"href":"https:\/\/www.union.fr\/wp-json\/wp\/v2\/tags?post=456529"}],"curies":[{"name":"wp","href":"https:\/\/api.w.org\/{rel}","templated":true}]}}